{"id":3023,"date":"2012-05-04T14:07:39","date_gmt":"2012-05-04T14:07:39","guid":{"rendered":"http:\/\/entecultura.com.ar\/noticias\/?p=3023"},"modified":"2012-05-04T14:07:39","modified_gmt":"2012-05-04T14:07:39","slug":"canada-de-gomez-presentacion-del-libro-tango-en-rosario","status":"publish","type":"post","link":"http:\/\/enteculturalsantafesino.com.ar\/usina1\/2012\/05\/canada-de-gomez-presentacion-del-libro-tango-en-rosario\/","title":{"rendered":"CA\u00d1ADA DE G\u00d3MEZ: PRESENTACI\u00d3N DEL LIBRO \u00abTANGO EN ROSARIO\u00bb"},"content":{"rendered":"<p><a href=\"http:\/\/enteculturalsantafesino.com.ar\/noticias\/wp-content\/uploads\/2012\/05\/orquesta-municipal1.png\" rel=\"lightbox[3023]\"><img loading=\"lazy\" decoding=\"async\" class=\"alignright size-medium wp-image-3024\" title=\"orquesta municipal\" src=\"http:\/\/enteculturalsantafesino.com.ar\/noticias\/wp-content\/uploads\/2012\/05\/orquesta-municipal1-300x200.png\" alt=\"\" width=\"300\" height=\"200\" srcset=\"http:\/\/enteculturalsantafesino.com.ar\/usina1\/wp-content\/uploads\/2012\/05\/orquesta-municipal1-300x200.png 300w, http:\/\/enteculturalsantafesino.com.ar\/usina1\/wp-content\/uploads\/2012\/05\/orquesta-municipal1.png 369w\" sizes=\"(max-width: 300px) 100vw, 300px\" \/><\/a><\/p>\n<table style=\"width: 418px; height: 404px;\" width=\"418\" border=\"0\" bgcolor=\"#ffffff\">\n<tbody>\n<tr>\n<td align=\"left\"><strong>Tango en Rosario es el t\u00edtulo de la obra de Lautaro Kaller, que se presentar\u00e1 el pr\u00f3ximo domingo a las 19.30, en Casa del Bicentenario. Actuar\u00e1n la Orquesta Municipal de Tango, junto a Ezequiel Martes y Leonel Capitanio.<\/strong><\/td>\n<\/tr>\n<tr>\n<td id=\"cuerpo\" align=\"left\">La municipalidad de Ca\u00f1ada de G\u00f3mez y el Museo Hist\u00f3rico Municipal invitan a la presentaci\u00f3n del libro \u201cTango en Rosario\u201d de Lautaro Kaller el domingo 6 de mayo a las 19.30 hs en Casa del Bicentenario.<br \/>\nActuar\u00e1 la Orquesta de Tango Municipal dirigida por el maestro Cristian Gustafsson, y tambi\u00e9n se presentar\u00e1 Ezequiel Martes y Leonel Capitanio.<\/td>\n<\/tr>\n<tr>\n<td>\n<hr \/>\n<\/td>\n<\/tr>\n<\/tbody>\n<\/table>\n<table width=\"475\" border=\"0\" bgcolor=\"#ffffff\">\n<tbody>\n<tr>\n<td align=\"left\"><strong>Tango en Rosario es el t\u00edtulo de la obra de Lautaro Kaller, que se presentar\u00e1 el pr\u00f3ximo domingo a las 19.30, en Casa del Bicentenario. Actuar\u00e1n la Orquesta Municipal de Tango, junto a Ezequiel Martes y Leonel Capitanio.<\/strong><\/td>\n<\/tr>\n<tr>\n<td id=\"cuerpo\" align=\"left\">La municipalidad de Ca\u00f1ada de G\u00f3mez y el Museo Hist\u00f3rico Municipal invitan a la presentaci\u00f3n del libro \u201cTango en Rosario\u201d de Lautaro Kaller el domingo 6 de mayo a las 19.30 hs en Casa del Bicentenario.<br \/>\nActuar\u00e1 la Orquesta de Tango Municipal dirigida por el maestro Cristian Gustafsson, y tambi\u00e9n se presentar\u00e1 Ezequiel Martes y Leonel Capitanio.<\/td>\n<\/tr>\n<tr>\n<td>\n<hr \/>\n<\/td>\n<\/tr>\n<\/tbody>\n<\/table>\n","protected":false},"excerpt":{"rendered":"<p>Tango en Rosario es el t\u00edtulo de la obra de Lautaro Kaller, que se presentar\u00e1 el pr\u00f3ximo [&hellip;]<\/p>\n","protected":false},"author":3,"featured_media":0,"comment_status":"open","ping_status":"open","sticky":false,"template":"","format":"standard","meta":{"_jetpack_memberships_contains_paid_content":false,"footnotes":"","jetpack_publicize_message":"","jetpack_publicize_feature_enabled":true,"jetpack_social_post_already_shared":false,"jetpack_social_options":{"image_generator_settings":{"template":"highway","enabled":false}}},"categories":[11,4,6],"tags":[],"jetpack_publicize_connections":[],"jetpack_sharing_enabled":true,"jetpack_featured_media_url":"","_links":{"self":[{"href":"http:\/\/enteculturalsantafesino.com.ar\/usina1\/wp-json\/wp\/v2\/posts\/3023"}],"collection":[{"href":"http:\/\/enteculturalsantafesino.com.ar\/usina1\/wp-json\/wp\/v2\/posts"}],"about":[{"href":"http:\/\/enteculturalsantafesino.com.ar\/usina1\/wp-json\/wp\/v2\/types\/post"}],"author":[{"embeddable":true,"href":"http:\/\/enteculturalsantafesino.com.ar\/usina1\/wp-json\/wp\/v2\/users\/3"}],"replies":[{"embeddable":true,"href":"http:\/\/enteculturalsantafesino.com.ar\/usina1\/wp-json\/wp\/v2\/comments?post=3023"}],"version-history":[{"count":0,"href":"http:\/\/enteculturalsantafesino.com.ar\/usina1\/wp-json\/wp\/v2\/posts\/3023\/revisions"}],"wp:attachment":[{"href":"http:\/\/enteculturalsantafesino.com.ar\/usina1\/wp-json\/wp\/v2\/media?parent=3023"}],"wp:term":[{"taxonomy":"category","embeddable":true,"href":"http:\/\/enteculturalsantafesino.com.ar\/usina1\/wp-json\/wp\/v2\/categories?post=3023"},{"taxonomy":"post_tag","embeddable":true,"href":"http:\/\/enteculturalsantafesino.com.ar\/usina1\/wp-json\/wp\/v2\/tags?post=3023"}],"curies":[{"name":"wp","href":"https:\/\/api.w.org\/{rel}","templated":true}]}}