{"id":3040,"date":"2012-05-07T12:16:50","date_gmt":"2012-05-07T12:16:50","guid":{"rendered":"http:\/\/entecultura.com.ar\/noticias\/?p=3040"},"modified":"2012-05-07T12:16:50","modified_gmt":"2012-05-07T12:16:50","slug":"canada-de-gomezel-tango-en-rosario-plasmado-en-un-libro","status":"publish","type":"post","link":"http:\/\/enteculturalsantafesino.com.ar\/usina1\/2012\/05\/canada-de-gomezel-tango-en-rosario-plasmado-en-un-libro\/","title":{"rendered":"CA\u00d1ADA DE G\u00d3MEZ:EL TANGO EN ROSARIO, PLASMADO EN UN LIBRO"},"content":{"rendered":"<p><a href=\"http:\/\/enteculturalsantafesino.com.ar\/noticias\/wp-content\/uploads\/2012\/05\/LIBRO-TANGO.png\" rel=\"lightbox[3040]\"><img loading=\"lazy\" decoding=\"async\" class=\"alignright size-medium wp-image-3041\" title=\"LIBRO TANGO\" src=\"http:\/\/enteculturalsantafesino.com.ar\/noticias\/wp-content\/uploads\/2012\/05\/LIBRO-TANGO-300x164.png\" alt=\"\" width=\"300\" height=\"164\" srcset=\"http:\/\/enteculturalsantafesino.com.ar\/usina1\/wp-content\/uploads\/2012\/05\/LIBRO-TANGO-300x164.png 300w, http:\/\/enteculturalsantafesino.com.ar\/usina1\/wp-content\/uploads\/2012\/05\/LIBRO-TANGO.png 464w\" sizes=\"(max-width: 300px) 100vw, 300px\" \/><\/a><\/p>\n<table style=\"width: 381px; height: 149px;\" width=\"381\" border=\"0\" bgcolor=\"#ffffff\">\n<tbody>\n<tr>\n<td align=\"left\"><strong>Fue presentado por su autor, Lautaro Kaller, en Casa del Bicentenario, con la actuaci\u00f3n de la orquesta municipal de tango.<\/strong><\/td>\n<\/tr>\n<tr>\n<td id=\"cuerpo\" align=\"left\">Tango en Rosario fue presentado este domingo por su autor, Lautaro Kaller, en Casa del Bicentenario. En la apertura lo acompa\u00f1\u00f3 Gerardo Alvarez, director del Museo Hist\u00f3rico Municipal, que junto con el municipio organizaron el acto. Tras la presentaci\u00f3n actu\u00f3 la Orquesta T\u00edpica Municipal de Tango.<br \/>\n<strong><em>Fotos: Dami\u00e1n Garnero \/ Otrod\u00eda.com<\/em><\/strong><\/td>\n<\/tr>\n<\/tbody>\n<\/table>\n","protected":false},"excerpt":{"rendered":"<p>Fue presentado por su autor, Lautaro Kaller, en Casa del Bicentenario, con la actuaci\u00f3n de la orquesta [&hellip;]<\/p>\n","protected":false},"author":3,"featured_media":0,"comment_status":"open","ping_status":"open","sticky":false,"template":"","format":"standard","meta":{"_jetpack_memberships_contains_paid_content":false,"footnotes":"","jetpack_publicize_message":"","jetpack_publicize_feature_enabled":true,"jetpack_social_post_already_shared":false,"jetpack_social_options":{"image_generator_settings":{"template":"highway","enabled":false}}},"categories":[11,4,6],"tags":[],"jetpack_publicize_connections":[],"jetpack_sharing_enabled":true,"jetpack_featured_media_url":"","_links":{"self":[{"href":"http:\/\/enteculturalsantafesino.com.ar\/usina1\/wp-json\/wp\/v2\/posts\/3040"}],"collection":[{"href":"http:\/\/enteculturalsantafesino.com.ar\/usina1\/wp-json\/wp\/v2\/posts"}],"about":[{"href":"http:\/\/enteculturalsantafesino.com.ar\/usina1\/wp-json\/wp\/v2\/types\/post"}],"author":[{"embeddable":true,"href":"http:\/\/enteculturalsantafesino.com.ar\/usina1\/wp-json\/wp\/v2\/users\/3"}],"replies":[{"embeddable":true,"href":"http:\/\/enteculturalsantafesino.com.ar\/usina1\/wp-json\/wp\/v2\/comments?post=3040"}],"version-history":[{"count":0,"href":"http:\/\/enteculturalsantafesino.com.ar\/usina1\/wp-json\/wp\/v2\/posts\/3040\/revisions"}],"wp:attachment":[{"href":"http:\/\/enteculturalsantafesino.com.ar\/usina1\/wp-json\/wp\/v2\/media?parent=3040"}],"wp:term":[{"taxonomy":"category","embeddable":true,"href":"http:\/\/enteculturalsantafesino.com.ar\/usina1\/wp-json\/wp\/v2\/categories?post=3040"},{"taxonomy":"post_tag","embeddable":true,"href":"http:\/\/enteculturalsantafesino.com.ar\/usina1\/wp-json\/wp\/v2\/tags?post=3040"}],"curies":[{"name":"wp","href":"https:\/\/api.w.org\/{rel}","templated":true}]}}