{"id":3066,"date":"2012-05-09T13:03:19","date_gmt":"2012-05-09T13:03:19","guid":{"rendered":"http:\/\/entecultura.com.ar\/noticias\/?p=3066"},"modified":"2012-05-09T13:03:19","modified_gmt":"2012-05-09T13:03:19","slug":"canada-de-gomez-melisa-paciaroni-cantara-en-casa-del-bicentenario","status":"publish","type":"post","link":"http:\/\/enteculturalsantafesino.com.ar\/usina1\/2012\/05\/canada-de-gomez-melisa-paciaroni-cantara-en-casa-del-bicentenario\/","title":{"rendered":"CA\u00d1ADA DE G\u00d3MEZ: MELISA PACIARONI CANTAR\u00c1 EN CASA DEL BICENTENARIO"},"content":{"rendered":"<p>La Municipalidad de Ca\u00f1ada de G\u00f3mez invita a la comunidad a participar del evento Un Atardecer <a href=\"http:\/\/enteculturalsantafesino.com.ar\/noticias\/wp-content\/uploads\/2012\/05\/ATARDECER.png\" rel=\"lightbox[3066]\"><img loading=\"lazy\" decoding=\"async\" class=\"alignright size-full wp-image-3067\" title=\"ATARDECER\" src=\"http:\/\/enteculturalsantafesino.com.ar\/noticias\/wp-content\/uploads\/2012\/05\/ATARDECER.png\" alt=\"\" width=\"172\" height=\"179\" \/><\/a><\/p>\n<p>de M\u00fasica en el que actuar\u00e1 la cantante ca\u00f1arense Melisa Paciaroni, La Pacha.<\/p>\n<p>La actividad se realizar\u00e1 el domingo 13 de mayo, a las 19 horas, en la\u00a0 Casa del Bicentenario. La Pacha estar\u00e1 acompa\u00f1ada por Emiliano Zambrano y Ariel Burgos. Su repertorio integra composiciones mel\u00f3dicas, folcl\u00f3ricas y hasta rockeras en un espect\u00e1culo integral.<\/p>\n<p>La cita con la m\u00fasica ser\u00e1 el domingo 13 de mayo, a las 19 horas, en Casa del Bicentenario. Entrada libre y gratuita.<\/p>\n","protected":false},"excerpt":{"rendered":"<p>La Municipalidad de Ca\u00f1ada de G\u00f3mez invita a la comunidad a participar del evento Un Atardecer de [&hellip;]<\/p>\n","protected":false},"author":3,"featured_media":0,"comment_status":"open","ping_status":"open","sticky":false,"template":"","format":"standard","meta":{"_jetpack_memberships_contains_paid_content":false,"footnotes":"","jetpack_publicize_message":"","jetpack_publicize_feature_enabled":true,"jetpack_social_post_already_shared":false,"jetpack_social_options":{"image_generator_settings":{"template":"highway","enabled":false}}},"categories":[11,4,6],"tags":[],"jetpack_publicize_connections":[],"jetpack_sharing_enabled":true,"jetpack_featured_media_url":"","_links":{"self":[{"href":"http:\/\/enteculturalsantafesino.com.ar\/usina1\/wp-json\/wp\/v2\/posts\/3066"}],"collection":[{"href":"http:\/\/enteculturalsantafesino.com.ar\/usina1\/wp-json\/wp\/v2\/posts"}],"about":[{"href":"http:\/\/enteculturalsantafesino.com.ar\/usina1\/wp-json\/wp\/v2\/types\/post"}],"author":[{"embeddable":true,"href":"http:\/\/enteculturalsantafesino.com.ar\/usina1\/wp-json\/wp\/v2\/users\/3"}],"replies":[{"embeddable":true,"href":"http:\/\/enteculturalsantafesino.com.ar\/usina1\/wp-json\/wp\/v2\/comments?post=3066"}],"version-history":[{"count":0,"href":"http:\/\/enteculturalsantafesino.com.ar\/usina1\/wp-json\/wp\/v2\/posts\/3066\/revisions"}],"wp:attachment":[{"href":"http:\/\/enteculturalsantafesino.com.ar\/usina1\/wp-json\/wp\/v2\/media?parent=3066"}],"wp:term":[{"taxonomy":"category","embeddable":true,"href":"http:\/\/enteculturalsantafesino.com.ar\/usina1\/wp-json\/wp\/v2\/categories?post=3066"},{"taxonomy":"post_tag","embeddable":true,"href":"http:\/\/enteculturalsantafesino.com.ar\/usina1\/wp-json\/wp\/v2\/tags?post=3066"}],"curies":[{"name":"wp","href":"https:\/\/api.w.org\/{rel}","templated":true}]}}