{"id":3122,"date":"2012-05-14T14:13:32","date_gmt":"2012-05-14T14:13:32","guid":{"rendered":"http:\/\/entecultura.com.ar\/noticias\/?p=3122"},"modified":"2012-05-14T14:30:34","modified_gmt":"2012-05-14T14:30:34","slug":"el-trebol-encuentro-coral","status":"publish","type":"post","link":"http:\/\/enteculturalsantafesino.com.ar\/usina1\/2012\/05\/el-trebol-encuentro-coral\/","title":{"rendered":"EL TR\u00c9BOL: ENCUENTRO CORAL"},"content":{"rendered":"<p>La Secretaar\u00eda de Cultura y Educaci\u00f3nde Municipalidad de El Tr\u00e9bol informan que <a href=\"http:\/\/enteculturalsantafesino.com.ar\/noticias\/wp-content\/uploads\/2012\/05\/encuetro-coral.jpg\" rel=\"lightbox[3122]\"><img loading=\"lazy\" decoding=\"async\" class=\"alignright size-medium wp-image-3123\" title=\"encuetro coral\" src=\"http:\/\/enteculturalsantafesino.com.ar\/noticias\/wp-content\/uploads\/2012\/05\/encuetro-coral-208x300.jpg\" alt=\"\" width=\"208\" height=\"300\" srcset=\"http:\/\/enteculturalsantafesino.com.ar\/usina1\/wp-content\/uploads\/2012\/05\/encuetro-coral-208x300.jpg 208w, http:\/\/enteculturalsantafesino.com.ar\/usina1\/wp-content\/uploads\/2012\/05\/encuetro-coral.jpg 667w\" sizes=\"(max-width: 208px) 100vw, 208px\" \/><\/a><\/p>\n<p>el domingo 20 de mayo a las 18 hs, en el Cine de la Sociedad Italiana se desarrollar\u00e1 un convocante Encutro Coral\u00a0. Con entrada libre y gratuita. Dicha Secretar\u00eda agradece a todos<\/p>\n<p>los Coros que estar\u00e1n presentes junto a nuestro Coro Polif\u00f3nico Municipal.<\/p>\n<div id=\"fbPhotoSnowliftTagList\"><\/div>\n<div id=\"fbPhotoSnowliftPagesTagList\"><\/div>\n<div id=\"fbPhotoSnowliftLegacyTagList\"><\/div>\n","protected":false},"excerpt":{"rendered":"<p>La Secretaar\u00eda de Cultura y Educaci\u00f3nde Municipalidad de El Tr\u00e9bol informan que el domingo 20 de mayo [&hellip;]<\/p>\n","protected":false},"author":3,"featured_media":0,"comment_status":"open","ping_status":"open","sticky":false,"template":"","format":"standard","meta":{"_jetpack_memberships_contains_paid_content":false,"footnotes":"","jetpack_publicize_message":"","jetpack_publicize_feature_enabled":true,"jetpack_social_post_already_shared":false,"jetpack_social_options":{"image_generator_settings":{"template":"highway","enabled":false}}},"categories":[18,4,6],"tags":[],"jetpack_publicize_connections":[],"jetpack_sharing_enabled":true,"jetpack_featured_media_url":"","_links":{"self":[{"href":"http:\/\/enteculturalsantafesino.com.ar\/usina1\/wp-json\/wp\/v2\/posts\/3122"}],"collection":[{"href":"http:\/\/enteculturalsantafesino.com.ar\/usina1\/wp-json\/wp\/v2\/posts"}],"about":[{"href":"http:\/\/enteculturalsantafesino.com.ar\/usina1\/wp-json\/wp\/v2\/types\/post"}],"author":[{"embeddable":true,"href":"http:\/\/enteculturalsantafesino.com.ar\/usina1\/wp-json\/wp\/v2\/users\/3"}],"replies":[{"embeddable":true,"href":"http:\/\/enteculturalsantafesino.com.ar\/usina1\/wp-json\/wp\/v2\/comments?post=3122"}],"version-history":[{"count":0,"href":"http:\/\/enteculturalsantafesino.com.ar\/usina1\/wp-json\/wp\/v2\/posts\/3122\/revisions"}],"wp:attachment":[{"href":"http:\/\/enteculturalsantafesino.com.ar\/usina1\/wp-json\/wp\/v2\/media?parent=3122"}],"wp:term":[{"taxonomy":"category","embeddable":true,"href":"http:\/\/enteculturalsantafesino.com.ar\/usina1\/wp-json\/wp\/v2\/categories?post=3122"},{"taxonomy":"post_tag","embeddable":true,"href":"http:\/\/enteculturalsantafesino.com.ar\/usina1\/wp-json\/wp\/v2\/tags?post=3122"}],"curies":[{"name":"wp","href":"https:\/\/api.w.org\/{rel}","templated":true}]}}