{"id":3131,"date":"2012-05-15T12:22:54","date_gmt":"2012-05-15T12:22:54","guid":{"rendered":"http:\/\/entecultura.com.ar\/noticias\/?p=3131"},"modified":"2012-05-15T12:22:54","modified_gmt":"2012-05-15T12:22:54","slug":"canada-de-gomez-melisa-paciaroni-brillo-en-casa-del-bicentenario","status":"publish","type":"post","link":"http:\/\/enteculturalsantafesino.com.ar\/usina1\/2012\/05\/canada-de-gomez-melisa-paciaroni-brillo-en-casa-del-bicentenario\/","title":{"rendered":"CA\u00d1ADA DE G\u00d3MEZ: MELISA PACIARONI BRILL\u00d3 EN CASA DEL BICENTENARIO"},"content":{"rendered":"<p><a href=\"http:\/\/enteculturalsantafesino.com.ar\/noticias\/wp-content\/uploads\/2012\/05\/canatante-ca\u00f1adense.png\" rel=\"lightbox[3131]\"><img loading=\"lazy\" decoding=\"async\" class=\"alignright size-medium wp-image-3132\" title=\"canatante ca\u00f1adense\" src=\"http:\/\/enteculturalsantafesino.com.ar\/noticias\/wp-content\/uploads\/2012\/05\/canatante-ca\u00f1adense-300x200.png\" alt=\"\" width=\"300\" height=\"200\" srcset=\"http:\/\/enteculturalsantafesino.com.ar\/usina1\/wp-content\/uploads\/2012\/05\/canatante-ca\u00f1adense-300x200.png 300w, http:\/\/enteculturalsantafesino.com.ar\/usina1\/wp-content\/uploads\/2012\/05\/canatante-ca\u00f1adense.png 504w\" sizes=\"(max-width: 300px) 100vw, 300px\" \/><\/a>Con una Casa del Bicentenario completa y rodeada de familiares y amigos se presento la cantante ca\u00f1adense Melisa Paciaroni acompa\u00f1ada de los guitarristas Emiliano Zambrano y Ariel Burgos.<\/p>\n<p>En algo mas de una hora de recital Melisa recorri\u00f3 el cancionero folkl\u00f3rico con Zamba para olvidar o Zamba del Laurel. Tambi\u00e9n interpret\u00f3 temas compuestos por su padre como Ella es azul o Digo donde las l\u00e1grimas se vieron en muchos familiares del Pacha.<\/p>\n<p>El repertorio tuvo temas como Tu boca, Si me das a elegir, Acuarela, Piedra y camino y hasta una versi\u00f3n ac\u00fastica del tema de Pappo Juntos a la par.<\/p>\n<p>Un recital cargado de emoci\u00f3n en una sala que se achic\u00f3 con el correr de los minutos haciendo del lugar un espacio \u00edntimo y familiar.<\/p>\n<p>&nbsp;<\/p>\n","protected":false},"excerpt":{"rendered":"<p>Con una Casa del Bicentenario completa y rodeada de familiares y amigos se presento la cantante ca\u00f1adense [&hellip;]<\/p>\n","protected":false},"author":3,"featured_media":0,"comment_status":"open","ping_status":"open","sticky":false,"template":"","format":"standard","meta":{"_jetpack_memberships_contains_paid_content":false,"footnotes":"","jetpack_publicize_message":"","jetpack_publicize_feature_enabled":true,"jetpack_social_post_already_shared":false,"jetpack_social_options":{"image_generator_settings":{"template":"highway","enabled":false}}},"categories":[11,4,6],"tags":[],"jetpack_publicize_connections":[],"jetpack_sharing_enabled":true,"jetpack_featured_media_url":"","_links":{"self":[{"href":"http:\/\/enteculturalsantafesino.com.ar\/usina1\/wp-json\/wp\/v2\/posts\/3131"}],"collection":[{"href":"http:\/\/enteculturalsantafesino.com.ar\/usina1\/wp-json\/wp\/v2\/posts"}],"about":[{"href":"http:\/\/enteculturalsantafesino.com.ar\/usina1\/wp-json\/wp\/v2\/types\/post"}],"author":[{"embeddable":true,"href":"http:\/\/enteculturalsantafesino.com.ar\/usina1\/wp-json\/wp\/v2\/users\/3"}],"replies":[{"embeddable":true,"href":"http:\/\/enteculturalsantafesino.com.ar\/usina1\/wp-json\/wp\/v2\/comments?post=3131"}],"version-history":[{"count":0,"href":"http:\/\/enteculturalsantafesino.com.ar\/usina1\/wp-json\/wp\/v2\/posts\/3131\/revisions"}],"wp:attachment":[{"href":"http:\/\/enteculturalsantafesino.com.ar\/usina1\/wp-json\/wp\/v2\/media?parent=3131"}],"wp:term":[{"taxonomy":"category","embeddable":true,"href":"http:\/\/enteculturalsantafesino.com.ar\/usina1\/wp-json\/wp\/v2\/categories?post=3131"},{"taxonomy":"post_tag","embeddable":true,"href":"http:\/\/enteculturalsantafesino.com.ar\/usina1\/wp-json\/wp\/v2\/tags?post=3131"}],"curies":[{"name":"wp","href":"https:\/\/api.w.org\/{rel}","templated":true}]}}