{"id":325,"date":"2011-08-08T04:29:59","date_gmt":"2011-08-08T04:29:59","guid":{"rendered":"http:\/\/entecultura.com.ar\/noticias\/?p=325"},"modified":"2011-08-08T04:29:59","modified_gmt":"2011-08-08T04:29:59","slug":"abel-pintos-en-el-trebol","status":"publish","type":"post","link":"http:\/\/enteculturalsantafesino.com.ar\/usina1\/2011\/08\/abel-pintos-en-el-trebol\/","title":{"rendered":"Abel Pintos en El Tr\u00e9bol"},"content":{"rendered":"<p>El Mi\u00e9rcoles 10 de Agosto se llevar\u00e1n a cabo los<br \/>\nFestejos Patronales de la ciudad del Tr\u00e9bol en Plaza San<br \/>\nMart\u00edn. Desde las 13hs, habr\u00e1 shows y actividades para ni\u00f1os y grandes, artesanos, microemprendedores y\u00a0 atracciones.<br \/>\nA la hora 15, se llevar\u00e1 a cabo la procesi\u00f3n y Santa<br \/>\nMisa, donde el Coro Polif\u00f3nico de El Tr\u00e9bol estar\u00e1 a cargo de la Misa<br \/>\nCriolla.<br \/>\n<a href=\"http:\/\/enteculturalsantafesino.com.ar\/noticias\/wp-content\/uploads\/2011\/08\/abel-pintos.jpg\" rel=\"lightbox[325]\"><img loading=\"lazy\" decoding=\"async\" class=\"alignright size-medium wp-image-326\" title=\"abel-pintos\" src=\"http:\/\/enteculturalsantafesino.com.ar\/noticias\/wp-content\/uploads\/2011\/08\/abel-pintos-300x226.jpg\" alt=\"\" width=\"300\" height=\"226\" srcset=\"http:\/\/enteculturalsantafesino.com.ar\/usina1\/wp-content\/uploads\/2011\/08\/abel-pintos-300x226.jpg 300w, http:\/\/enteculturalsantafesino.com.ar\/usina1\/wp-content\/uploads\/2011\/08\/abel-pintos.jpg 320w\" sizes=\"(max-width: 300px) 100vw, 300px\" \/><\/a>A las 17 hs, actuar\u00e1 la<br \/>\nBanda de M\u00fasica del Liceo de F\u00fanez y a la hora 17:30 se contar\u00e1 con la actuaci\u00f3n<br \/>\nde Abel Pintos, finalizando con la inauguraci\u00f3n de la Fuente del Bicentenario y<br \/>\nfuegos de artificio.<\/p>\n<p>La entrada es<br \/>\nLibre y Gratuita.<\/p>\n","protected":false},"excerpt":{"rendered":"<p>El Mi\u00e9rcoles 10 de Agosto se llevar\u00e1n a cabo los Festejos Patronales de la ciudad del Tr\u00e9bol [&hellip;]<\/p>\n","protected":false},"author":3,"featured_media":0,"comment_status":"open","ping_status":"open","sticky":false,"template":"","format":"standard","meta":{"_jetpack_memberships_contains_paid_content":false,"footnotes":"","jetpack_publicize_message":"","jetpack_publicize_feature_enabled":true,"jetpack_social_post_already_shared":false,"jetpack_social_options":{"image_generator_settings":{"template":"highway","enabled":false}}},"categories":[15,18,4,6],"tags":[],"jetpack_publicize_connections":[],"jetpack_sharing_enabled":true,"jetpack_featured_media_url":"","_links":{"self":[{"href":"http:\/\/enteculturalsantafesino.com.ar\/usina1\/wp-json\/wp\/v2\/posts\/325"}],"collection":[{"href":"http:\/\/enteculturalsantafesino.com.ar\/usina1\/wp-json\/wp\/v2\/posts"}],"about":[{"href":"http:\/\/enteculturalsantafesino.com.ar\/usina1\/wp-json\/wp\/v2\/types\/post"}],"author":[{"embeddable":true,"href":"http:\/\/enteculturalsantafesino.com.ar\/usina1\/wp-json\/wp\/v2\/users\/3"}],"replies":[{"embeddable":true,"href":"http:\/\/enteculturalsantafesino.com.ar\/usina1\/wp-json\/wp\/v2\/comments?post=325"}],"version-history":[{"count":0,"href":"http:\/\/enteculturalsantafesino.com.ar\/usina1\/wp-json\/wp\/v2\/posts\/325\/revisions"}],"wp:attachment":[{"href":"http:\/\/enteculturalsantafesino.com.ar\/usina1\/wp-json\/wp\/v2\/media?parent=325"}],"wp:term":[{"taxonomy":"category","embeddable":true,"href":"http:\/\/enteculturalsantafesino.com.ar\/usina1\/wp-json\/wp\/v2\/categories?post=325"},{"taxonomy":"post_tag","embeddable":true,"href":"http:\/\/enteculturalsantafesino.com.ar\/usina1\/wp-json\/wp\/v2\/tags?post=325"}],"curies":[{"name":"wp","href":"https:\/\/api.w.org\/{rel}","templated":true}]}}