{"id":3367,"date":"2012-05-28T00:57:01","date_gmt":"2012-05-28T00:57:01","guid":{"rendered":"http:\/\/entecultura.com.ar\/noticias\/?p=3367"},"modified":"2012-05-28T00:57:01","modified_gmt":"2012-05-28T00:57:01","slug":"montes-de-oca-exitosa-fiesta-de-la-argentinidad","status":"publish","type":"post","link":"http:\/\/enteculturalsantafesino.com.ar\/usina1\/2012\/05\/montes-de-oca-exitosa-fiesta-de-la-argentinidad\/","title":{"rendered":"MONTES DE OCA: EXITOSA \u00abFIESTA DE LA ARGENTINIDAD\u00bb"},"content":{"rendered":"<div>La Comuna de Montes de Oca, llev\u00f3 a cabo la<em>\u00ab3\u00ba Fiesta de la Argentinidad <a href=\"http:\/\/enteculturalsantafesino.com.ar\/noticias\/wp-content\/uploads\/2012\/05\/montes-de-oca-2.jpg\" rel=\"lightbox[3367]\"><img loading=\"lazy\" decoding=\"async\" class=\"alignright size-thumbnail wp-image-3369\" title=\"montes de oca 2\" src=\"http:\/\/enteculturalsantafesino.com.ar\/noticias\/wp-content\/uploads\/2012\/05\/montes-de-oca-2-150x150.jpg\" alt=\"\" width=\"150\" height=\"150\" \/><\/a><a href=\"http:\/\/enteculturalsantafesino.com.ar\/noticias\/wp-content\/uploads\/2012\/05\/montes-de-oca.jpg\" rel=\"lightbox[3367]\"><img loading=\"lazy\" decoding=\"async\" class=\"alignright size-thumbnail wp-image-3368\" title=\"montes de oca\" src=\"http:\/\/enteculturalsantafesino.com.ar\/noticias\/wp-content\/uploads\/2012\/05\/montes-de-oca-150x150.jpg\" alt=\"\" width=\"150\" height=\"150\" \/><\/a><\/em><\/div>\n<div><em>con sentido solidario\u00bb<\/em><\/div>\n<div>durante el 25 de mayo\u00a0desde las\u00a017 hs en el Gimnasio Parroquial, con entrada libre y gratu\u00edta, toda la comunidad montequina se hizo presente\u00a0para disfrutar de nuestro d\u00eda patrio y de una programaci\u00f3n nutrida y de\u00a0mucha calidad; sobre el escenario\u00a0hizo su presentaci\u00f3n:\u00a0Ballet Academia Jos\u00e9 Hern\u00e1ndez, Huellas de mi pueblo, Tango, Miguel Pallero, Jose Luis Dutto, Dalila y los Kunum\u00ed, Los Trovadores del Norte, y el cierre exclusivo de <em><strong>Mauri y Sim\u00f3n Merlo<\/strong><\/em>.\u00a0Las sillas fueron a beneficio del SAMco local <a href=\"http:\/\/enteculturalsantafesino.com.ar\/noticias\/wp-content\/uploads\/2012\/05\/montes-3.jpg\" rel=\"lightbox[3367]\"><img loading=\"lazy\" decoding=\"async\" class=\"alignright size-thumbnail wp-image-3370\" title=\"montes 3\" src=\"http:\/\/enteculturalsantafesino.com.ar\/noticias\/wp-content\/uploads\/2012\/05\/montes-3-150x150.jpg\" alt=\"\" width=\"150\" height=\"150\" \/><\/a><\/div>\n","protected":false},"excerpt":{"rendered":"<p>La Comuna de Montes de Oca, llev\u00f3 a cabo la\u00ab3\u00ba Fiesta de la Argentinidad con sentido solidario\u00bb [&hellip;]<\/p>\n","protected":false},"author":3,"featured_media":0,"comment_status":"open","ping_status":"open","sticky":false,"template":"","format":"standard","meta":{"_jetpack_memberships_contains_paid_content":false,"footnotes":"","jetpack_publicize_message":"","jetpack_publicize_feature_enabled":true,"jetpack_social_post_already_shared":false,"jetpack_social_options":{"image_generator_settings":{"template":"highway","enabled":false}}},"categories":[1],"tags":[],"jetpack_publicize_connections":[],"jetpack_sharing_enabled":true,"jetpack_featured_media_url":"","_links":{"self":[{"href":"http:\/\/enteculturalsantafesino.com.ar\/usina1\/wp-json\/wp\/v2\/posts\/3367"}],"collection":[{"href":"http:\/\/enteculturalsantafesino.com.ar\/usina1\/wp-json\/wp\/v2\/posts"}],"about":[{"href":"http:\/\/enteculturalsantafesino.com.ar\/usina1\/wp-json\/wp\/v2\/types\/post"}],"author":[{"embeddable":true,"href":"http:\/\/enteculturalsantafesino.com.ar\/usina1\/wp-json\/wp\/v2\/users\/3"}],"replies":[{"embeddable":true,"href":"http:\/\/enteculturalsantafesino.com.ar\/usina1\/wp-json\/wp\/v2\/comments?post=3367"}],"version-history":[{"count":0,"href":"http:\/\/enteculturalsantafesino.com.ar\/usina1\/wp-json\/wp\/v2\/posts\/3367\/revisions"}],"wp:attachment":[{"href":"http:\/\/enteculturalsantafesino.com.ar\/usina1\/wp-json\/wp\/v2\/media?parent=3367"}],"wp:term":[{"taxonomy":"category","embeddable":true,"href":"http:\/\/enteculturalsantafesino.com.ar\/usina1\/wp-json\/wp\/v2\/categories?post=3367"},{"taxonomy":"post_tag","embeddable":true,"href":"http:\/\/enteculturalsantafesino.com.ar\/usina1\/wp-json\/wp\/v2\/tags?post=3367"}],"curies":[{"name":"wp","href":"https:\/\/api.w.org\/{rel}","templated":true}]}}