{"id":3372,"date":"2012-05-28T11:08:17","date_gmt":"2012-05-28T11:08:17","guid":{"rendered":"http:\/\/entecultura.com.ar\/noticias\/?p=3372"},"modified":"2012-05-28T11:08:17","modified_gmt":"2012-05-28T11:08:17","slug":"28-de-mayo-dia-de-los-jardines-de-infantes","status":"publish","type":"post","link":"http:\/\/enteculturalsantafesino.com.ar\/usina1\/2012\/05\/28-de-mayo-dia-de-los-jardines-de-infantes\/","title":{"rendered":"28 de mayo: D\u00eda de los Jardines de Infantes"},"content":{"rendered":"<div align=\"left\"><span style=\"color: #006666;\"><span style=\"font-family: Verdana, Arial, Helvetica, sans-serif; font-size: small;\">Rosario Vera Pe\u00f1aloza, \u00abMaestra de la Patria\u00bb<\/span><\/span> <a href=\"http:\/\/enteculturalsantafesino.com.ar\/noticias\/wp-content\/uploads\/2012\/05\/JARDINES-DE-INFANTES.jpg\" rel=\"lightbox[3372]\"><img loading=\"lazy\" decoding=\"async\" class=\"alignright size-full wp-image-3373\" title=\"JARDINES DE INFANTES\" src=\"http:\/\/enteculturalsantafesino.com.ar\/noticias\/wp-content\/uploads\/2012\/05\/JARDINES-DE-INFANTES.jpg\" alt=\"\" width=\"223\" height=\"226\" \/><\/a><span style=\"font-family: Verdana, Arial, Helvetica, sans-serif; font-size: x-small;\"><br \/>\n<strong>Rosario Vera Pe\u00f1aloza<\/strong> naci\u00f3 el 25 de diciembre de 1873 en el pueblo de Atiles, La Rioja. Dedic\u00f3<\/span><\/div>\n<div align=\"left\"><span style=\"font-family: Verdana, Arial, Helvetica, sans-serif; font-size: x-small;\">\u00a0su vida a la ense\u00f1anza. Fund\u00f3 el primer jard\u00edn de infantes argentino. El Consejo Nacional de Educaci\u00f3n le encarg\u00f3 la formaci\u00f3n del Primer Museo Argentino para la Escuela Primaria, hoy Complejo Museol\u00f3gico del Instituto F\u00e9lix Bernasconi. Luego de una admirable trayectoria, lleg\u00f3 a Inspectora de Ense\u00f1anza Secundaria, Normal y Especial. Falleci\u00f3 el 28 de mayo de 1950. Esa es la fecha que se toma, precisamente, para conmemorar, en su honor, el <strong>\u00abD\u00eda de la Maestra Jardinera\u00bb<\/strong> y el <strong>\u00abD\u00eda de los Jardines de Infantes\u00bb<\/strong>. <\/span><\/div>\n","protected":false},"excerpt":{"rendered":"<p>Rosario Vera Pe\u00f1aloza, \u00abMaestra de la Patria\u00bb Rosario Vera Pe\u00f1aloza naci\u00f3 el 25 de diciembre de 1873 [&hellip;]<\/p>\n","protected":false},"author":3,"featured_media":0,"comment_status":"open","ping_status":"open","sticky":false,"template":"","format":"standard","meta":{"_jetpack_memberships_contains_paid_content":false,"footnotes":"","jetpack_publicize_message":"","jetpack_publicize_feature_enabled":true,"jetpack_social_post_already_shared":false,"jetpack_social_options":{"image_generator_settings":{"template":"highway","enabled":false}}},"categories":[1],"tags":[],"jetpack_publicize_connections":[],"jetpack_sharing_enabled":true,"jetpack_featured_media_url":"","_links":{"self":[{"href":"http:\/\/enteculturalsantafesino.com.ar\/usina1\/wp-json\/wp\/v2\/posts\/3372"}],"collection":[{"href":"http:\/\/enteculturalsantafesino.com.ar\/usina1\/wp-json\/wp\/v2\/posts"}],"about":[{"href":"http:\/\/enteculturalsantafesino.com.ar\/usina1\/wp-json\/wp\/v2\/types\/post"}],"author":[{"embeddable":true,"href":"http:\/\/enteculturalsantafesino.com.ar\/usina1\/wp-json\/wp\/v2\/users\/3"}],"replies":[{"embeddable":true,"href":"http:\/\/enteculturalsantafesino.com.ar\/usina1\/wp-json\/wp\/v2\/comments?post=3372"}],"version-history":[{"count":0,"href":"http:\/\/enteculturalsantafesino.com.ar\/usina1\/wp-json\/wp\/v2\/posts\/3372\/revisions"}],"wp:attachment":[{"href":"http:\/\/enteculturalsantafesino.com.ar\/usina1\/wp-json\/wp\/v2\/media?parent=3372"}],"wp:term":[{"taxonomy":"category","embeddable":true,"href":"http:\/\/enteculturalsantafesino.com.ar\/usina1\/wp-json\/wp\/v2\/categories?post=3372"},{"taxonomy":"post_tag","embeddable":true,"href":"http:\/\/enteculturalsantafesino.com.ar\/usina1\/wp-json\/wp\/v2\/tags?post=3372"}],"curies":[{"name":"wp","href":"https:\/\/api.w.org\/{rel}","templated":true}]}}