{"id":3382,"date":"2012-05-28T11:25:05","date_gmt":"2012-05-28T11:25:05","guid":{"rendered":"http:\/\/entecultura.com.ar\/noticias\/?p=3382"},"modified":"2012-05-28T11:25:05","modified_gmt":"2012-05-28T11:25:05","slug":"canada-de-gomez-continuan-las-charlas-sobre-malvinas","status":"publish","type":"post","link":"http:\/\/enteculturalsantafesino.com.ar\/usina1\/2012\/05\/canada-de-gomez-continuan-las-charlas-sobre-malvinas\/","title":{"rendered":"CA\u00d1ADA DE G\u00d3MEZ: CONTIN\u00daAN LAS CHARLAS SOBRE MALVINAS"},"content":{"rendered":"<table width=\"475\" border=\"0\" bgcolor=\"#ffffff\">\n<tbody>\n<tr>\n<td align=\"left\"><strong>El pr\u00f3ximo martes disertar\u00e1<a href=\"http:\/\/enteculturalsantafesino.com.ar\/noticias\/wp-content\/uploads\/2012\/05\/MALVINAS.jpg\" rel=\"lightbox[3382]\"><img loading=\"lazy\" decoding=\"async\" class=\"alignright size-full wp-image-3383\" title=\"MALVINAS\" src=\"http:\/\/enteculturalsantafesino.com.ar\/noticias\/wp-content\/uploads\/2012\/05\/MALVINAS.jpg\" alt=\"\" width=\"259\" height=\"194\" \/><\/a><\/strong><\/p>\n<p><strong>\u00a0en la Casa del Bicentenario <\/strong><\/p>\n<p><strong>el licenciado Guillermo Mart\u00ednez sobre la batalla a\u00e9rea en Malvinas. El oficial de aeron\u00e1utica es ca\u00f1adense, y fue condecorado por valor en combate.<\/strong><\/td>\n<\/tr>\n<tr>\n<td id=\"cuerpo\" align=\"left\">Entre sus distinciones se destacan: Distintivo de Campa\u00f1a N\u00ba 1 de la Fuerza A\u00e9rea Argentina por su participaci\u00f3n en el conflicto por nuestras Islas Malvinas. Condecoraci\u00f3n del Honorable Congreso de la Naci\u00f3n \u201cAl Valor en Combate\u201d. Medalla y N\u00famero de las Naciones Unidas por su participaci\u00f3n en la misi\u00f3n UNTSO (United Nations Truce Supervision Organization). Condecoraci\u00f3n \u201cCaballero del Aire\u201d,\u00a0 del Ej\u00e9rcito del Aire del Reino de Espa\u00f1a. \u201cMadalha al M\u00e9rito Santos Dumond\u201d por los servicios prestados a la Fuerza A\u00e9rea Brasilera.<\/td>\n<\/tr>\n<\/tbody>\n<\/table>\n","protected":false},"excerpt":{"rendered":"<p>El pr\u00f3ximo martes disertar\u00e1 \u00a0en la Casa del Bicentenario el licenciado Guillermo Mart\u00ednez sobre la batalla a\u00e9rea [&hellip;]<\/p>\n","protected":false},"author":3,"featured_media":0,"comment_status":"open","ping_status":"open","sticky":false,"template":"","format":"standard","meta":{"_jetpack_memberships_contains_paid_content":false,"footnotes":"","jetpack_publicize_message":"","jetpack_publicize_feature_enabled":true,"jetpack_social_post_already_shared":false,"jetpack_social_options":{"image_generator_settings":{"template":"highway","enabled":false}}},"categories":[1],"tags":[],"jetpack_publicize_connections":[],"jetpack_sharing_enabled":true,"jetpack_featured_media_url":"","_links":{"self":[{"href":"http:\/\/enteculturalsantafesino.com.ar\/usina1\/wp-json\/wp\/v2\/posts\/3382"}],"collection":[{"href":"http:\/\/enteculturalsantafesino.com.ar\/usina1\/wp-json\/wp\/v2\/posts"}],"about":[{"href":"http:\/\/enteculturalsantafesino.com.ar\/usina1\/wp-json\/wp\/v2\/types\/post"}],"author":[{"embeddable":true,"href":"http:\/\/enteculturalsantafesino.com.ar\/usina1\/wp-json\/wp\/v2\/users\/3"}],"replies":[{"embeddable":true,"href":"http:\/\/enteculturalsantafesino.com.ar\/usina1\/wp-json\/wp\/v2\/comments?post=3382"}],"version-history":[{"count":0,"href":"http:\/\/enteculturalsantafesino.com.ar\/usina1\/wp-json\/wp\/v2\/posts\/3382\/revisions"}],"wp:attachment":[{"href":"http:\/\/enteculturalsantafesino.com.ar\/usina1\/wp-json\/wp\/v2\/media?parent=3382"}],"wp:term":[{"taxonomy":"category","embeddable":true,"href":"http:\/\/enteculturalsantafesino.com.ar\/usina1\/wp-json\/wp\/v2\/categories?post=3382"},{"taxonomy":"post_tag","embeddable":true,"href":"http:\/\/enteculturalsantafesino.com.ar\/usina1\/wp-json\/wp\/v2\/tags?post=3382"}],"curies":[{"name":"wp","href":"https:\/\/api.w.org\/{rel}","templated":true}]}}