{"id":3385,"date":"2012-05-28T12:43:23","date_gmt":"2012-05-28T12:43:23","guid":{"rendered":"http:\/\/entecultura.com.ar\/noticias\/?p=3385"},"modified":"2012-05-28T12:43:23","modified_gmt":"2012-05-28T12:43:23","slug":"totoras-desde-junio-mas-talleres","status":"publish","type":"post","link":"http:\/\/enteculturalsantafesino.com.ar\/usina1\/2012\/05\/totoras-desde-junio-mas-talleres\/","title":{"rendered":"TOTORAS: DESDE JUNIO M\u00c1S TALLERES!"},"content":{"rendered":"<p>La Municipalidad de Totoras, a trav\u00e9s de su Coordinaci\u00f3n de Cultura, <a href=\"http:\/\/enteculturalsantafesino.com.ar\/noticias\/wp-content\/uploads\/2012\/05\/talleres-totoras.jpg\" rel=\"lightbox[3385]\"><img loading=\"lazy\" decoding=\"async\" class=\"alignright size-medium wp-image-3386\" title=\"talleres totoras\" src=\"http:\/\/enteculturalsantafesino.com.ar\/noticias\/wp-content\/uploads\/2012\/05\/talleres-totoras-300x225.jpg\" alt=\"\" width=\"300\" height=\"225\" srcset=\"http:\/\/enteculturalsantafesino.com.ar\/usina1\/wp-content\/uploads\/2012\/05\/talleres-totoras-300x225.jpg 300w, http:\/\/enteculturalsantafesino.com.ar\/usina1\/wp-content\/uploads\/2012\/05\/talleres-totoras.jpg 960w\" sizes=\"(max-width: 300px) 100vw, 300px\" \/><\/a><\/p>\n<p>invita a participar de los talleres que dar\u00e1n comienzo en el mes de junio:<br \/>\nACROBACIA \u00c1REAS EN TELAS: Viernes de 15 a 19 hs. en el Albergue Profesora : M.Jimena Gandini<br \/>\nMACRAM\u00c9- MALLA CRIOLLA: Jueves 14.30 a 17 horas\u00a0 Adelma Taborra Centro de Cultura<br \/>\nTEJIDO 2 AGUJAS Y CROCHET: mi\u00e9rcoles\u00a0 14 a 17 hs. (junio) Bety Ambuso\u00a0 Centro de Cultura<br \/>\nTALLER\u00a0 CLASES DE APOYO: con alumnos de 5to. A 7mo grado designado por cada escuela,\u00a0 Martes y mi\u00e9rcoles de 16 a 18 hs. (una hs. cada grupo). Maria Cristina Serra en la Biblioteca<br \/>\nTALLER LITERARIO PARA NI\u00d1OS: Mi\u00e9rcoles de 14 a 15.30 hs. Jaquelina Tesei Biblioteca<br \/>\nNO ES NECESARIA INSCRIPCI\u00d3N PREVIA \u2013\u00a0 PRESENTARSE EN EL LUGAR DEL TALLER -PARTICIPACI\u00d3N GRATUITA<\/p>\n","protected":false},"excerpt":{"rendered":"<p>La Municipalidad de Totoras, a trav\u00e9s de su Coordinaci\u00f3n de Cultura, invita a participar de los talleres [&hellip;]<\/p>\n","protected":false},"author":3,"featured_media":0,"comment_status":"open","ping_status":"open","sticky":false,"template":"","format":"standard","meta":{"_jetpack_memberships_contains_paid_content":false,"footnotes":"","jetpack_publicize_message":"","jetpack_publicize_feature_enabled":true,"jetpack_social_post_already_shared":false,"jetpack_social_options":{"image_generator_settings":{"template":"highway","enabled":false}}},"categories":[1],"tags":[],"jetpack_publicize_connections":[],"jetpack_sharing_enabled":true,"jetpack_featured_media_url":"","_links":{"self":[{"href":"http:\/\/enteculturalsantafesino.com.ar\/usina1\/wp-json\/wp\/v2\/posts\/3385"}],"collection":[{"href":"http:\/\/enteculturalsantafesino.com.ar\/usina1\/wp-json\/wp\/v2\/posts"}],"about":[{"href":"http:\/\/enteculturalsantafesino.com.ar\/usina1\/wp-json\/wp\/v2\/types\/post"}],"author":[{"embeddable":true,"href":"http:\/\/enteculturalsantafesino.com.ar\/usina1\/wp-json\/wp\/v2\/users\/3"}],"replies":[{"embeddable":true,"href":"http:\/\/enteculturalsantafesino.com.ar\/usina1\/wp-json\/wp\/v2\/comments?post=3385"}],"version-history":[{"count":0,"href":"http:\/\/enteculturalsantafesino.com.ar\/usina1\/wp-json\/wp\/v2\/posts\/3385\/revisions"}],"wp:attachment":[{"href":"http:\/\/enteculturalsantafesino.com.ar\/usina1\/wp-json\/wp\/v2\/media?parent=3385"}],"wp:term":[{"taxonomy":"category","embeddable":true,"href":"http:\/\/enteculturalsantafesino.com.ar\/usina1\/wp-json\/wp\/v2\/categories?post=3385"},{"taxonomy":"post_tag","embeddable":true,"href":"http:\/\/enteculturalsantafesino.com.ar\/usina1\/wp-json\/wp\/v2\/tags?post=3385"}],"curies":[{"name":"wp","href":"https:\/\/api.w.org\/{rel}","templated":true}]}}