{"id":3389,"date":"2012-05-28T12:58:49","date_gmt":"2012-05-28T12:58:49","guid":{"rendered":"http:\/\/entecultura.com.ar\/noticias\/?p=3389"},"modified":"2012-05-28T12:58:49","modified_gmt":"2012-05-28T12:58:49","slug":"totoras-festejos-por-el-dia-de-los-jardines","status":"publish","type":"post","link":"http:\/\/enteculturalsantafesino.com.ar\/usina1\/2012\/05\/totoras-festejos-por-el-dia-de-los-jardines\/","title":{"rendered":"TOTORAS: FESTEJOS POR EL D\u00cdA DE LOS JARDINES"},"content":{"rendered":"<p>En conmemoraci\u00f3n a esta fecha, la Municipalidad y la FUNDACI\u00d3N COINAG,<a href=\"http:\/\/enteculturalsantafesino.com.ar\/noticias\/wp-content\/uploads\/2012\/05\/jardin-totoras.jpg\" rel=\"lightbox[3389]\"><img loading=\"lazy\" decoding=\"async\" class=\"alignright size-medium wp-image-3390\" title=\"jardin totoras\" src=\"http:\/\/enteculturalsantafesino.com.ar\/noticias\/wp-content\/uploads\/2012\/05\/jardin-totoras-300x225.jpg\" alt=\"\" width=\"300\" height=\"225\" srcset=\"http:\/\/enteculturalsantafesino.com.ar\/usina1\/wp-content\/uploads\/2012\/05\/jardin-totoras-300x225.jpg 300w, http:\/\/enteculturalsantafesino.com.ar\/usina1\/wp-content\/uploads\/2012\/05\/jardin-totoras.jpg 800w\" sizes=\"(max-width: 300px) 100vw, 300px\" \/><\/a><\/p>\n<p>presentar\u00e1n el pr\u00f3ximo lunes 4 de junio, a las 15 hs, en el Anexo de Cultura, el espect\u00e1culo \u201cBurbujas Fant\u00e1sticas,\u201d a cargo del grupo Sotavento. Tambi\u00e9n los ni\u00f1os realizar\u00e1n dibujos que ser\u00e1n expuestos en distintos puntos de la filial Coinag.<\/p>\n","protected":false},"excerpt":{"rendered":"<p>En conmemoraci\u00f3n a esta fecha, la Municipalidad y la FUNDACI\u00d3N COINAG, presentar\u00e1n el pr\u00f3ximo lunes 4 de [&hellip;]<\/p>\n","protected":false},"author":3,"featured_media":0,"comment_status":"open","ping_status":"open","sticky":false,"template":"","format":"standard","meta":{"_jetpack_memberships_contains_paid_content":false,"footnotes":"","jetpack_publicize_message":"","jetpack_publicize_feature_enabled":true,"jetpack_social_post_already_shared":false,"jetpack_social_options":{"image_generator_settings":{"template":"highway","enabled":false}}},"categories":[4],"tags":[],"jetpack_publicize_connections":[],"jetpack_sharing_enabled":true,"jetpack_featured_media_url":"","_links":{"self":[{"href":"http:\/\/enteculturalsantafesino.com.ar\/usina1\/wp-json\/wp\/v2\/posts\/3389"}],"collection":[{"href":"http:\/\/enteculturalsantafesino.com.ar\/usina1\/wp-json\/wp\/v2\/posts"}],"about":[{"href":"http:\/\/enteculturalsantafesino.com.ar\/usina1\/wp-json\/wp\/v2\/types\/post"}],"author":[{"embeddable":true,"href":"http:\/\/enteculturalsantafesino.com.ar\/usina1\/wp-json\/wp\/v2\/users\/3"}],"replies":[{"embeddable":true,"href":"http:\/\/enteculturalsantafesino.com.ar\/usina1\/wp-json\/wp\/v2\/comments?post=3389"}],"version-history":[{"count":0,"href":"http:\/\/enteculturalsantafesino.com.ar\/usina1\/wp-json\/wp\/v2\/posts\/3389\/revisions"}],"wp:attachment":[{"href":"http:\/\/enteculturalsantafesino.com.ar\/usina1\/wp-json\/wp\/v2\/media?parent=3389"}],"wp:term":[{"taxonomy":"category","embeddable":true,"href":"http:\/\/enteculturalsantafesino.com.ar\/usina1\/wp-json\/wp\/v2\/categories?post=3389"},{"taxonomy":"post_tag","embeddable":true,"href":"http:\/\/enteculturalsantafesino.com.ar\/usina1\/wp-json\/wp\/v2\/tags?post=3389"}],"curies":[{"name":"wp","href":"https:\/\/api.w.org\/{rel}","templated":true}]}}