{"id":3397,"date":"2012-05-29T12:45:03","date_gmt":"2012-05-29T12:45:03","guid":{"rendered":"http:\/\/entecultura.com.ar\/noticias\/?p=3397"},"modified":"2012-05-29T12:45:03","modified_gmt":"2012-05-29T12:45:03","slug":"29-de-mayo-dia-nacional-del-folclorista","status":"publish","type":"post","link":"http:\/\/enteculturalsantafesino.com.ar\/usina1\/2012\/05\/29-de-mayo-dia-nacional-del-folclorista\/","title":{"rendered":"29 DE MAYO: D\u00cdA NACIONAL DEL FOLCLORISTA"},"content":{"rendered":"<p>Seg\u00fan lo instituy\u00f3 la Ley 26.665 de Conmemoraciones, hoy 29 de mayo se celebra el D\u00eda Nacional del <a href=\"http:\/\/enteculturalsantafesino.com.ar\/noticias\/wp-content\/uploads\/2012\/05\/CHAZARRETA-1.png\" rel=\"lightbox[3397]\"><img loading=\"lazy\" decoding=\"async\" class=\"alignright size-full wp-image-3398\" title=\"CHAZARRETA 1\" src=\"http:\/\/enteculturalsantafesino.com.ar\/noticias\/wp-content\/uploads\/2012\/05\/CHAZARRETA-1.png\" alt=\"\" width=\"118\" height=\"165\" \/><\/a><\/p>\n<p>Folklorista, en memoria del natalicio de Don Andr\u00e9s Chazarreta.<\/p>\n<p><strong>Andr\u00e9s Chazarreta<\/strong> (n. <a title=\"Santiago del Estero (capital)\" href=\"\/wiki\/Santiago_del_Estero_(capital)\">Santiago del Estero<\/a>, <a title=\"29 de mayo\" href=\"\/wiki\/29_de_mayo\">29 de mayo<\/a> de <a title=\"1876\" href=\"\/wiki\/1876\">1876<\/a> &#8211; m. \u00eddem. <a title=\"24 de abril\" href=\"\/wiki\/24_de_abril\">24 de abril<\/a> de <a title=\"1960\" href=\"\/wiki\/1960\">1960<\/a>) fue un m\u00fasico e investigador <a title=\"Argentina\" href=\"\/wiki\/Argentina\">argentino<\/a> del <a title=\"M\u00fasica folcl\u00f3rica de Argentina\" href=\"\/wiki\/M%C3%BAsica_folcl%C3%B3rica_de_Argentina\">folclore<\/a>. Fue el primer difusor de la m\u00fasica folcl\u00f3rica argentina, difundi\u00e9ndola por todo el pa\u00eds desde 1906 con su Conjunto de Arte Nativo culminando con la hist\u00f3rica representaci\u00f3n que realizara en el Teatro Politeama de <a title=\"Buenos Aires\" href=\"\/wiki\/Buenos_Aires\">Buenos Aires<\/a> el <a title=\"16 de marzo\" href=\"\/wiki\/16_de_marzo\">16 de marzo<\/a> de <a title=\"1921\" href=\"\/wiki\/1921\">1921<\/a>. Fue quien recogi\u00f3 temas cl\u00e1sicos del folklore argentino como <a title=\"Zamba de Vargas\" href=\"\/wiki\/Zamba_de_Vargas\">Zamba de Vargas<\/a>, <a title=\"La Telesita\" href=\"\/wiki\/La_Telesita\">La Telesita<\/a>, <a title=\"El kacuy (a\u00fan no redactado)\" href=\"\/w\/index.php?title=El_kacuy&amp;action=edit&amp;redlink=1\">El kacuy<\/a>, <a title=\"Criollita santiague\u00f1a (a\u00fan no redactado)\" href=\"\/w\/index.php?title=Criollita_santiague%C3%B1a&amp;action=edit&amp;redlink=1\">Criollita santiague\u00f1a<\/a>, entre muchas otras.<\/p>\n","protected":false},"excerpt":{"rendered":"<p>Seg\u00fan lo instituy\u00f3 la Ley 26.665 de Conmemoraciones, hoy 29 de mayo se celebra el D\u00eda Nacional [&hellip;]<\/p>\n","protected":false},"author":3,"featured_media":0,"comment_status":"open","ping_status":"open","sticky":false,"template":"","format":"standard","meta":{"_jetpack_memberships_contains_paid_content":false,"footnotes":"","jetpack_publicize_message":"","jetpack_publicize_feature_enabled":true,"jetpack_social_post_already_shared":false,"jetpack_social_options":{"image_generator_settings":{"template":"highway","enabled":false}}},"categories":[1],"tags":[],"jetpack_publicize_connections":[],"jetpack_sharing_enabled":true,"jetpack_featured_media_url":"","_links":{"self":[{"href":"http:\/\/enteculturalsantafesino.com.ar\/usina1\/wp-json\/wp\/v2\/posts\/3397"}],"collection":[{"href":"http:\/\/enteculturalsantafesino.com.ar\/usina1\/wp-json\/wp\/v2\/posts"}],"about":[{"href":"http:\/\/enteculturalsantafesino.com.ar\/usina1\/wp-json\/wp\/v2\/types\/post"}],"author":[{"embeddable":true,"href":"http:\/\/enteculturalsantafesino.com.ar\/usina1\/wp-json\/wp\/v2\/users\/3"}],"replies":[{"embeddable":true,"href":"http:\/\/enteculturalsantafesino.com.ar\/usina1\/wp-json\/wp\/v2\/comments?post=3397"}],"version-history":[{"count":0,"href":"http:\/\/enteculturalsantafesino.com.ar\/usina1\/wp-json\/wp\/v2\/posts\/3397\/revisions"}],"wp:attachment":[{"href":"http:\/\/enteculturalsantafesino.com.ar\/usina1\/wp-json\/wp\/v2\/media?parent=3397"}],"wp:term":[{"taxonomy":"category","embeddable":true,"href":"http:\/\/enteculturalsantafesino.com.ar\/usina1\/wp-json\/wp\/v2\/categories?post=3397"},{"taxonomy":"post_tag","embeddable":true,"href":"http:\/\/enteculturalsantafesino.com.ar\/usina1\/wp-json\/wp\/v2\/tags?post=3397"}],"curies":[{"name":"wp","href":"https:\/\/api.w.org\/{rel}","templated":true}]}}