{"id":3401,"date":"2012-05-29T12:50:31","date_gmt":"2012-05-29T12:50:31","guid":{"rendered":"http:\/\/entecultura.com.ar\/noticias\/?p=3401"},"modified":"2012-05-29T12:50:31","modified_gmt":"2012-05-29T12:50:31","slug":"san-genaro-vuelve-la-experiencia-cuenta","status":"publish","type":"post","link":"http:\/\/enteculturalsantafesino.com.ar\/usina1\/2012\/05\/san-genaro-vuelve-la-experiencia-cuenta\/","title":{"rendered":"SAN GENARO: VUELVE \u00abLA EXPERIENCIA CUENTA\u00bb"},"content":{"rendered":"<p>La Municipalidad de San Genaro a trav\u00e9s de la Subsecretaria de Desarrollo<a href=\"http:\/\/enteculturalsantafesino.com.ar\/noticias\/wp-content\/uploads\/2012\/05\/TEJIDO.jpg\" rel=\"lightbox[3401]\"><img loading=\"lazy\" decoding=\"async\" class=\"alignright size-medium wp-image-3402\" title=\"TEJIDO\" src=\"http:\/\/enteculturalsantafesino.com.ar\/noticias\/wp-content\/uploads\/2012\/05\/TEJIDO-300x176.jpg\" alt=\"\" width=\"300\" height=\"176\" srcset=\"http:\/\/enteculturalsantafesino.com.ar\/usina1\/wp-content\/uploads\/2012\/05\/TEJIDO-300x176.jpg 300w, http:\/\/enteculturalsantafesino.com.ar\/usina1\/wp-content\/uploads\/2012\/05\/TEJIDO.jpg 680w\" sizes=\"(max-width: 300px) 100vw, 300px\" \/><\/a><\/p>\n<p>Social abre la inscripci\u00f3n al Taller de Accesorios Tejidos: Carteras: Alfombras, Caminos de Mesas y muchas cosas m\u00e1s.<\/p>\n<p>Las clases comienzan el 7 de junio y son gratuitas. Quienes est\u00e9n interesados podr\u00e1n inscribirse a partir del d\u00eda 30 de mayo en las oficinas de Desarrollo Social, Ruta N? 65 s\/n o llamando al tel. 03401 &#8211; 449281.<\/p>\n<p>Este nuevo taller est\u00e1 enmarcado dentro del Programa \u201cLa Experiencia Cuenta\u201d y es otra pol\u00edtica social inclusiva desde el municipio para todos los sangenarinos.<\/p>\n","protected":false},"excerpt":{"rendered":"<p>La Municipalidad de San Genaro a trav\u00e9s de la Subsecretaria de Desarrollo Social abre la inscripci\u00f3n al [&hellip;]<\/p>\n","protected":false},"author":3,"featured_media":0,"comment_status":"open","ping_status":"open","sticky":false,"template":"","format":"standard","meta":{"_jetpack_memberships_contains_paid_content":false,"footnotes":"","jetpack_publicize_message":"","jetpack_publicize_feature_enabled":true,"jetpack_social_post_already_shared":false,"jetpack_social_options":{"image_generator_settings":{"template":"highway","enabled":false}}},"categories":[4],"tags":[],"jetpack_publicize_connections":[],"jetpack_sharing_enabled":true,"jetpack_featured_media_url":"","_links":{"self":[{"href":"http:\/\/enteculturalsantafesino.com.ar\/usina1\/wp-json\/wp\/v2\/posts\/3401"}],"collection":[{"href":"http:\/\/enteculturalsantafesino.com.ar\/usina1\/wp-json\/wp\/v2\/posts"}],"about":[{"href":"http:\/\/enteculturalsantafesino.com.ar\/usina1\/wp-json\/wp\/v2\/types\/post"}],"author":[{"embeddable":true,"href":"http:\/\/enteculturalsantafesino.com.ar\/usina1\/wp-json\/wp\/v2\/users\/3"}],"replies":[{"embeddable":true,"href":"http:\/\/enteculturalsantafesino.com.ar\/usina1\/wp-json\/wp\/v2\/comments?post=3401"}],"version-history":[{"count":0,"href":"http:\/\/enteculturalsantafesino.com.ar\/usina1\/wp-json\/wp\/v2\/posts\/3401\/revisions"}],"wp:attachment":[{"href":"http:\/\/enteculturalsantafesino.com.ar\/usina1\/wp-json\/wp\/v2\/media?parent=3401"}],"wp:term":[{"taxonomy":"category","embeddable":true,"href":"http:\/\/enteculturalsantafesino.com.ar\/usina1\/wp-json\/wp\/v2\/categories?post=3401"},{"taxonomy":"post_tag","embeddable":true,"href":"http:\/\/enteculturalsantafesino.com.ar\/usina1\/wp-json\/wp\/v2\/tags?post=3401"}],"curies":[{"name":"wp","href":"https:\/\/api.w.org\/{rel}","templated":true}]}}