{"id":3406,"date":"2012-05-29T21:22:35","date_gmt":"2012-05-29T21:22:35","guid":{"rendered":"http:\/\/entecultura.com.ar\/noticias\/?p=3406"},"modified":"2012-05-29T21:22:43","modified_gmt":"2012-05-29T21:22:43","slug":"el-trebol-talleres-de-orientacion-vocacional","status":"publish","type":"post","link":"http:\/\/enteculturalsantafesino.com.ar\/usina1\/2012\/05\/el-trebol-talleres-de-orientacion-vocacional\/","title":{"rendered":"EL TR\u00c9BOL: TALLERES DE ORIENTACI\u00d3N VOCACIONAL"},"content":{"rendered":"<p>\u00bfEste a\u00f1o termin\u00e1s el secundario? \u00bfNo sab\u00e9s qu\u00e9 hacer despu\u00e9s? ENTONCES TE INVITAMOS A <a href=\"http:\/\/enteculturalsantafesino.com.ar\/noticias\/wp-content\/uploads\/2012\/05\/logo-municipalidad-el-trebol.png\" rel=\"lightbox[3406]\"><img loading=\"lazy\" decoding=\"async\" class=\"alignright size-full wp-image-3407\" title=\"logo municipalidad el trebol\" src=\"http:\/\/enteculturalsantafesino.com.ar\/noticias\/wp-content\/uploads\/2012\/05\/logo-municipalidad-el-trebol.png\" alt=\"\" width=\"115\" height=\"70\" \/><\/a><\/p>\n<p>LOS TALLERES DE ORIENTACI\u00d3N VOCACIONAL- OCUPACIONAL 2012. Fecha de inicio: jueves 31 de mayo hora: 19 hs. en la Oficina de Empleo. Av. Libertad 78. Estos talleres est\u00e1n dirigidos a los alumnos de los \u00faltimos a\u00f1os de las escuelas secundarias de nuestra ciudad. Organiza: Gabinete Psicopedag\u00f3gico municipal Invita: Direcci\u00f3n de Educaci\u00f3n y Cultura<\/p>\n","protected":false},"excerpt":{"rendered":"<p>\u00bfEste a\u00f1o termin\u00e1s el secundario? \u00bfNo sab\u00e9s qu\u00e9 hacer despu\u00e9s? ENTONCES TE INVITAMOS A LOS TALLERES DE [&hellip;]<\/p>\n","protected":false},"author":3,"featured_media":0,"comment_status":"open","ping_status":"open","sticky":false,"template":"","format":"standard","meta":{"_jetpack_memberships_contains_paid_content":false,"footnotes":"","jetpack_publicize_message":"","jetpack_publicize_feature_enabled":true,"jetpack_social_post_already_shared":false,"jetpack_social_options":{"image_generator_settings":{"template":"highway","enabled":false}}},"categories":[18,1],"tags":[],"jetpack_publicize_connections":[],"jetpack_sharing_enabled":true,"jetpack_featured_media_url":"","_links":{"self":[{"href":"http:\/\/enteculturalsantafesino.com.ar\/usina1\/wp-json\/wp\/v2\/posts\/3406"}],"collection":[{"href":"http:\/\/enteculturalsantafesino.com.ar\/usina1\/wp-json\/wp\/v2\/posts"}],"about":[{"href":"http:\/\/enteculturalsantafesino.com.ar\/usina1\/wp-json\/wp\/v2\/types\/post"}],"author":[{"embeddable":true,"href":"http:\/\/enteculturalsantafesino.com.ar\/usina1\/wp-json\/wp\/v2\/users\/3"}],"replies":[{"embeddable":true,"href":"http:\/\/enteculturalsantafesino.com.ar\/usina1\/wp-json\/wp\/v2\/comments?post=3406"}],"version-history":[{"count":0,"href":"http:\/\/enteculturalsantafesino.com.ar\/usina1\/wp-json\/wp\/v2\/posts\/3406\/revisions"}],"wp:attachment":[{"href":"http:\/\/enteculturalsantafesino.com.ar\/usina1\/wp-json\/wp\/v2\/media?parent=3406"}],"wp:term":[{"taxonomy":"category","embeddable":true,"href":"http:\/\/enteculturalsantafesino.com.ar\/usina1\/wp-json\/wp\/v2\/categories?post=3406"},{"taxonomy":"post_tag","embeddable":true,"href":"http:\/\/enteculturalsantafesino.com.ar\/usina1\/wp-json\/wp\/v2\/tags?post=3406"}],"curies":[{"name":"wp","href":"https:\/\/api.w.org\/{rel}","templated":true}]}}