{"id":3411,"date":"2012-05-29T21:25:38","date_gmt":"2012-05-29T21:25:38","guid":{"rendered":"http:\/\/entecultura.com.ar\/noticias\/?p=3411"},"modified":"2012-05-29T21:25:38","modified_gmt":"2012-05-29T21:25:38","slug":"totoras-foro-para-capacidades-diferentes","status":"publish","type":"post","link":"http:\/\/enteculturalsantafesino.com.ar\/usina1\/2012\/05\/totoras-foro-para-capacidades-diferentes\/","title":{"rendered":"TOTORAS: FORO PARA CAPACIDADES DIFERENTES"},"content":{"rendered":"<p>La Municipalidad de Totoras invita a los interesados a participar de un nuevo <a href=\"http:\/\/enteculturalsantafesino.com.ar\/noticias\/wp-content\/uploads\/2012\/05\/CPACIDADES-DIFERENTES.jpg\" rel=\"lightbox[3411]\"><img loading=\"lazy\" decoding=\"async\" class=\"alignright size-full wp-image-3412\" title=\"CPACIDADES DIFERENTES\" src=\"http:\/\/enteculturalsantafesino.com.ar\/noticias\/wp-content\/uploads\/2012\/05\/CPACIDADES-DIFERENTES.jpg\" alt=\"\" width=\"228\" height=\"216\" \/><\/a><\/p>\n<p>encuentro del FORO PARA CAPACIDADES DIFERENTES, en esta oportunidad con la presencia de Rosana Martins, presidenta de la Asociaci&#8230;\u00f3n Centro de Ayuda al Discapacitado. Tambi\u00e9n estar\u00e1n presentes autoridades municipales y profesionales de la salud de nuestra ciudad. La reuni\u00f3n se realizar\u00e1 este jueves 31 de mayo, a las 19.30 hs, en el Anexo de Cultura, San Lorenzo 724.<\/p>\n","protected":false},"excerpt":{"rendered":"<p>La Municipalidad de Totoras invita a los interesados a participar de un nuevo encuentro del FORO PARA [&hellip;]<\/p>\n","protected":false},"author":3,"featured_media":0,"comment_status":"open","ping_status":"open","sticky":false,"template":"","format":"standard","meta":{"_jetpack_memberships_contains_paid_content":false,"footnotes":"","jetpack_publicize_message":"","jetpack_publicize_feature_enabled":true,"jetpack_social_post_already_shared":false,"jetpack_social_options":{"image_generator_settings":{"template":"highway","enabled":false}}},"categories":[4],"tags":[],"jetpack_publicize_connections":[],"jetpack_sharing_enabled":true,"jetpack_featured_media_url":"","_links":{"self":[{"href":"http:\/\/enteculturalsantafesino.com.ar\/usina1\/wp-json\/wp\/v2\/posts\/3411"}],"collection":[{"href":"http:\/\/enteculturalsantafesino.com.ar\/usina1\/wp-json\/wp\/v2\/posts"}],"about":[{"href":"http:\/\/enteculturalsantafesino.com.ar\/usina1\/wp-json\/wp\/v2\/types\/post"}],"author":[{"embeddable":true,"href":"http:\/\/enteculturalsantafesino.com.ar\/usina1\/wp-json\/wp\/v2\/users\/3"}],"replies":[{"embeddable":true,"href":"http:\/\/enteculturalsantafesino.com.ar\/usina1\/wp-json\/wp\/v2\/comments?post=3411"}],"version-history":[{"count":0,"href":"http:\/\/enteculturalsantafesino.com.ar\/usina1\/wp-json\/wp\/v2\/posts\/3411\/revisions"}],"wp:attachment":[{"href":"http:\/\/enteculturalsantafesino.com.ar\/usina1\/wp-json\/wp\/v2\/media?parent=3411"}],"wp:term":[{"taxonomy":"category","embeddable":true,"href":"http:\/\/enteculturalsantafesino.com.ar\/usina1\/wp-json\/wp\/v2\/categories?post=3411"},{"taxonomy":"post_tag","embeddable":true,"href":"http:\/\/enteculturalsantafesino.com.ar\/usina1\/wp-json\/wp\/v2\/tags?post=3411"}],"curies":[{"name":"wp","href":"https:\/\/api.w.org\/{rel}","templated":true}]}}