{"id":3424,"date":"2012-05-30T14:02:16","date_gmt":"2012-05-30T14:02:16","guid":{"rendered":"http:\/\/entecultura.com.ar\/noticias\/?p=3424"},"modified":"2012-05-30T14:02:16","modified_gmt":"2012-05-30T14:02:16","slug":"carlos-pellegrini-doble-cartelera-en-el-soledad-villamil","status":"publish","type":"post","link":"http:\/\/enteculturalsantafesino.com.ar\/usina1\/2012\/05\/carlos-pellegrini-doble-cartelera-en-el-soledad-villamil\/","title":{"rendered":"CARLOS PELLEGRINI: DOBLE CARTELERA EN EL SOLEDAD VILLAMIL"},"content":{"rendered":"<p>A partir del s\u00e1bado en el <strong>Cine Soledad Villamil<\/strong> <strong>se pasar\u00e1n dos pel\u00edculas imperdibles.<\/strong> <a href=\"http:\/\/enteculturalsantafesino.com.ar\/noticias\/wp-content\/uploads\/2012\/05\/PELI-PELLEGRINI.jpg\" rel=\"lightbox[3424]\"><img loading=\"lazy\" decoding=\"async\" class=\"alignright size-full wp-image-3425\" title=\"PELI PELLEGRINI\" src=\"http:\/\/enteculturalsantafesino.com.ar\/noticias\/wp-content\/uploads\/2012\/05\/PELI-PELLEGRINI.jpg\" alt=\"\" width=\"130\" height=\"184\" \/><\/a><\/p>\n<p>La propuesta de la tarde es para los chicos, la de la noche, para los grandes. SORTEAMOS 4 ENTRADAS!<br \/>\n<span style=\"text-decoration: underline;\"> CARTELERA NOCHE<\/span>: SABADO 22 H &#8211; DOMINGO Y LUNES 21 H <strong>FURIA DE TITANES 2<\/strong> Direcci\u00f3n: Jonathan Liebesman Gui\u00f3n: Dan MazeauDavid Johnson T\u00edtulo Original: Clash of the Titans 2<br \/>\nG\u00e9nero: Acci\u00f3n Origen: Estados Unidos Duraci\u00f3n: 98 minutos<br \/>\nClasificaci\u00f3n: AM13 Distribuidora: Warner Sinopsis: Furia de Titanes 2 nos trasladar\u00e1 una d\u00e9cada despu\u00e9s de su heroica derrota del monstruoso Kraken, Perseo \u2013el hijo semidios de Zeus\u2013 intenta llevar una vida m\u00e1s tranquila como pescador en una aldea y como padre soltero de su hijo de 10 a\u00f1os, Helio. Mientras tanto, se desarrolla una dura lucha por la supremac\u00eda entre dioses y titanes. Peligrosamente debilitados por la falta de devoci\u00f3n de la humanidad, los dioses pierden el control de los titanes encarcelados y de su feroz l\u00edder, Kronos, padre de los hermanos, Zeus, Hades, y Poseid\u00f3n, que llevan mucho tiempo en el poder. El triunvirato hab\u00eda derrocado a su poderoso padre tiempo atr\u00e1s, abandon\u00e1ndole hasta pudrirse en el l\u00fagubre abismo del T\u00e1rtaro, un calabozo situado en las profundidades de los infiernos. Perseo no puede ignorar su verdadera vocaci\u00f3n cuando Hades, junto con el hijo piadoso de Zeus, Ares, cambian sus lealtades y hacen un trato con Kronos para capturar a Zeus. La fuerza de los titanes aumenta a medida que los poderes divinos de Zeus disminuyen, desat\u00e1ndose el infierno sobre la tierra.<br \/>\n<span style=\"text-decoration: underline;\">CARTELERA TARDE<\/span>: SABADO Y DOMINGO 17.30 H <strong>EL LORAX \u00bb EN BUSCA DE LA TR\u00daFULA PERDIDA\u00bb<\/strong> Direcci\u00f3n: Chris Renaud &#8211; Kyle Balda Gui\u00f3n: Ken DaurioEstreno T\u00edtulo Original: The Lorax<br \/>\nG\u00e9nero: Animaci\u00f3n Origen: Estados Unidos Duraci\u00f3n: 87 minutos<br \/>\nClasificaci\u00f3n: ATP Distribuidora: UIP Sinopsis: Adaptaci\u00f3n del libro infantil del Dr. Seuss acerca de una criatura del bosque que simboliza el eterno poder de la esperanza. La pel\u00edcula cuenta la historia de un chico que busca el objeto que le permitir\u00e1 ganarse el afecto de la chica de sus sue\u00f1os. Para conseguirlo, debe descubrir la historia del Lorax, una encantadora aunque malhumorada criatura que lucha por proteger a un mundo en v\u00edas de extinci\u00f3n. QUIENES ESCRIBAN a <strong>info@portalpellegrinense.com.ar<\/strong> Y nos env\u00eden su nombre y n\u00famero de DNI, especificando la pel\u00edcula preferida a ver, participar\u00e1n del sorteo de entradas. Hay 4 en total. LOS ESPERAMOS! El s\u00e1bado cerca del mediod\u00eda, se publicar\u00e1n los nombres de los ganadores.<\/p>\n","protected":false},"excerpt":{"rendered":"<p>A partir del s\u00e1bado en el Cine Soledad Villamil se pasar\u00e1n dos pel\u00edculas imperdibles. La propuesta de [&hellip;]<\/p>\n","protected":false},"author":3,"featured_media":0,"comment_status":"open","ping_status":"open","sticky":false,"template":"","format":"standard","meta":{"_jetpack_memberships_contains_paid_content":false,"footnotes":"","jetpack_publicize_message":"","jetpack_publicize_feature_enabled":true,"jetpack_social_post_already_shared":false,"jetpack_social_options":{"image_generator_settings":{"template":"highway","enabled":false}}},"categories":[23,4],"tags":[],"jetpack_publicize_connections":[],"jetpack_sharing_enabled":true,"jetpack_featured_media_url":"","_links":{"self":[{"href":"http:\/\/enteculturalsantafesino.com.ar\/usina1\/wp-json\/wp\/v2\/posts\/3424"}],"collection":[{"href":"http:\/\/enteculturalsantafesino.com.ar\/usina1\/wp-json\/wp\/v2\/posts"}],"about":[{"href":"http:\/\/enteculturalsantafesino.com.ar\/usina1\/wp-json\/wp\/v2\/types\/post"}],"author":[{"embeddable":true,"href":"http:\/\/enteculturalsantafesino.com.ar\/usina1\/wp-json\/wp\/v2\/users\/3"}],"replies":[{"embeddable":true,"href":"http:\/\/enteculturalsantafesino.com.ar\/usina1\/wp-json\/wp\/v2\/comments?post=3424"}],"version-history":[{"count":0,"href":"http:\/\/enteculturalsantafesino.com.ar\/usina1\/wp-json\/wp\/v2\/posts\/3424\/revisions"}],"wp:attachment":[{"href":"http:\/\/enteculturalsantafesino.com.ar\/usina1\/wp-json\/wp\/v2\/media?parent=3424"}],"wp:term":[{"taxonomy":"category","embeddable":true,"href":"http:\/\/enteculturalsantafesino.com.ar\/usina1\/wp-json\/wp\/v2\/categories?post=3424"},{"taxonomy":"post_tag","embeddable":true,"href":"http:\/\/enteculturalsantafesino.com.ar\/usina1\/wp-json\/wp\/v2\/tags?post=3424"}],"curies":[{"name":"wp","href":"https:\/\/api.w.org\/{rel}","templated":true}]}}