{"id":3428,"date":"2012-05-30T14:09:51","date_gmt":"2012-05-30T14:09:51","guid":{"rendered":"http:\/\/entecultura.com.ar\/noticias\/?p=3428"},"modified":"2012-05-30T14:09:51","modified_gmt":"2012-05-30T14:09:51","slug":"canada-de-gomez-ciclo-de-cine-de-grandes-directores-2","status":"publish","type":"post","link":"http:\/\/enteculturalsantafesino.com.ar\/usina1\/2012\/05\/canada-de-gomez-ciclo-de-cine-de-grandes-directores-2\/","title":{"rendered":"CA\u00d1ADA DE G\u00d3MEZ: CICLO DE CINE DE GRANDES DIRECTORES"},"content":{"rendered":"<table style=\"width: 343px; height: 211px;\" width=\"343\" border=\"0\" bgcolor=\"#ffffff\">\n<tbody>\n<tr>\n<td align=\"left\"><strong>Este mi\u00e9rcoles a las 21 se <a href=\"http:\/\/enteculturalsantafesino.com.ar\/noticias\/wp-content\/uploads\/2012\/05\/casa-del-bicentenario.png\" rel=\"lightbox[3428]\"><img loading=\"lazy\" decoding=\"async\" class=\"alignright  wp-image-3429\" title=\"casa del bicentenario\" src=\"http:\/\/enteculturalsantafesino.com.ar\/noticias\/wp-content\/uploads\/2012\/05\/casa-del-bicentenario.png\" alt=\"\" width=\"171\" height=\"125\" \/><\/a><\/strong><\/p>\n<p><strong>proyectar\u00e1 Fanny y Alexander, <\/strong><\/p>\n<p><strong>de Ingmar Bergman.<\/strong><\/td>\n<\/tr>\n<tr>\n<td id=\"cuerpo\" align=\"left\">Contin\u00faa el Ciclo de Cine de Grandes Directores en Casa del Bicentenario. El mi\u00e9rcoles 30 de mayo a las 21 hs. se proyectar\u00e1 \u201cFANNY y ALEXANDER\u201d de Ingmar Bergman.<\/td>\n<\/tr>\n<\/tbody>\n<\/table>\n","protected":false},"excerpt":{"rendered":"<p>Este mi\u00e9rcoles a las 21 se proyectar\u00e1 Fanny y Alexander, de Ingmar Bergman. Contin\u00faa el Ciclo de [&hellip;]<\/p>\n","protected":false},"author":3,"featured_media":0,"comment_status":"open","ping_status":"open","sticky":false,"template":"","format":"standard","meta":{"_jetpack_memberships_contains_paid_content":false,"footnotes":"","jetpack_publicize_message":"","jetpack_publicize_feature_enabled":true,"jetpack_social_post_already_shared":false,"jetpack_social_options":{"image_generator_settings":{"template":"highway","enabled":false}}},"categories":[1],"tags":[],"jetpack_publicize_connections":[],"jetpack_sharing_enabled":true,"jetpack_featured_media_url":"","_links":{"self":[{"href":"http:\/\/enteculturalsantafesino.com.ar\/usina1\/wp-json\/wp\/v2\/posts\/3428"}],"collection":[{"href":"http:\/\/enteculturalsantafesino.com.ar\/usina1\/wp-json\/wp\/v2\/posts"}],"about":[{"href":"http:\/\/enteculturalsantafesino.com.ar\/usina1\/wp-json\/wp\/v2\/types\/post"}],"author":[{"embeddable":true,"href":"http:\/\/enteculturalsantafesino.com.ar\/usina1\/wp-json\/wp\/v2\/users\/3"}],"replies":[{"embeddable":true,"href":"http:\/\/enteculturalsantafesino.com.ar\/usina1\/wp-json\/wp\/v2\/comments?post=3428"}],"version-history":[{"count":0,"href":"http:\/\/enteculturalsantafesino.com.ar\/usina1\/wp-json\/wp\/v2\/posts\/3428\/revisions"}],"wp:attachment":[{"href":"http:\/\/enteculturalsantafesino.com.ar\/usina1\/wp-json\/wp\/v2\/media?parent=3428"}],"wp:term":[{"taxonomy":"category","embeddable":true,"href":"http:\/\/enteculturalsantafesino.com.ar\/usina1\/wp-json\/wp\/v2\/categories?post=3428"},{"taxonomy":"post_tag","embeddable":true,"href":"http:\/\/enteculturalsantafesino.com.ar\/usina1\/wp-json\/wp\/v2\/tags?post=3428"}],"curies":[{"name":"wp","href":"https:\/\/api.w.org\/{rel}","templated":true}]}}