{"id":3464,"date":"2012-06-01T22:19:00","date_gmt":"2012-06-01T22:19:00","guid":{"rendered":"http:\/\/entecultura.com.ar\/noticias\/?p=3464"},"modified":"2012-06-01T22:19:00","modified_gmt":"2012-06-01T22:19:00","slug":"totoras-foro-para-capacidades-diferentes-2","status":"publish","type":"post","link":"http:\/\/enteculturalsantafesino.com.ar\/usina1\/2012\/06\/totoras-foro-para-capacidades-diferentes-2\/","title":{"rendered":"TOTORAS: FORO PARA CAPACIDADES DIFERENTES"},"content":{"rendered":"<p>Ayer se realiz\u00f3 en el Anexo un nuevo encuentro del Foro para Capacidades <a href=\"http:\/\/enteculturalsantafesino.com.ar\/noticias\/wp-content\/uploads\/2012\/06\/capacidades-diferentes.jpg\" rel=\"lightbox[3464]\"><img loading=\"lazy\" decoding=\"async\" class=\"alignright size-medium wp-image-3466\" title=\"capacidades diferentes\" src=\"http:\/\/enteculturalsantafesino.com.ar\/noticias\/wp-content\/uploads\/2012\/06\/capacidades-diferentes-300x300.jpg\" alt=\"\" width=\"300\" height=\"300\" srcset=\"http:\/\/enteculturalsantafesino.com.ar\/usina1\/wp-content\/uploads\/2012\/06\/capacidades-diferentes-300x300.jpg 300w, http:\/\/enteculturalsantafesino.com.ar\/usina1\/wp-content\/uploads\/2012\/06\/capacidades-diferentes-150x150.jpg 150w, http:\/\/enteculturalsantafesino.com.ar\/usina1\/wp-content\/uploads\/2012\/06\/capacidades-diferentes.jpg 403w\" sizes=\"(max-width: 300px) 100vw, 300px\" \/><\/a><\/p>\n<p>Diferentes, en esta oportunidad, con la presencia de Rosana Martins, presidenta de la Asociaci\u00f3n Civil de Ayuda al Discapacitado. \u201cCre&#8230;o que todav\u00eda tenemos mucho camino por recorrer ya que la gente no sabe de la existencia de la ley de protecci\u00f3n a las personas con discapacidad, tenemos que ense\u00f1ar c\u00f3mo y d\u00f3nde reclamar y que puertas golpear para que los tratamientos sean cumplimentados,\u201d manifest\u00f3 la especialista. Respecto del punto m\u00e1s conflictivo que encuentran las personas con discapacidad y sus familiares, mencion\u00f3 a las negativas de las obras sociales que creen tener un techo que no lo tienen, si una persona necesita un tratamiento psicoterap\u00e9utico, fonoaudiol\u00f3gico, medicamentos, pr\u00f3tesis, etc, la obra social se lo tiene que cubrir, es m\u00e1s, si la persona no tiene recursos para obtener alimentos tambi\u00e9n se lo tienen que brindar.\u201d Por \u00faltimo, calific\u00f3 como una \u201ccuenta pendiente de los gobiernos provinciales\u201d la de otorgar plenos derechos a las personas con discapacidad. Tambi\u00e9n participaron del encuentro, el Intendente Municipal Horacio Carnevali; Hern\u00e1n Bollici, representante de la Caja de Jubilaciones Ley 5110; y Carolina Haristoy, a cargo del Servicio Social de la Municipalidad.<\/p>\n","protected":false},"excerpt":{"rendered":"<p>Ayer se realiz\u00f3 en el Anexo un nuevo encuentro del Foro para Capacidades Diferentes, en esta oportunidad, [&hellip;]<\/p>\n","protected":false},"author":3,"featured_media":0,"comment_status":"open","ping_status":"open","sticky":false,"template":"","format":"standard","meta":{"_jetpack_memberships_contains_paid_content":false,"footnotes":"","jetpack_publicize_message":"","jetpack_publicize_feature_enabled":true,"jetpack_social_post_already_shared":false,"jetpack_social_options":{"image_generator_settings":{"template":"highway","enabled":false}}},"categories":[4],"tags":[],"jetpack_publicize_connections":[],"jetpack_sharing_enabled":true,"jetpack_featured_media_url":"","_links":{"self":[{"href":"http:\/\/enteculturalsantafesino.com.ar\/usina1\/wp-json\/wp\/v2\/posts\/3464"}],"collection":[{"href":"http:\/\/enteculturalsantafesino.com.ar\/usina1\/wp-json\/wp\/v2\/posts"}],"about":[{"href":"http:\/\/enteculturalsantafesino.com.ar\/usina1\/wp-json\/wp\/v2\/types\/post"}],"author":[{"embeddable":true,"href":"http:\/\/enteculturalsantafesino.com.ar\/usina1\/wp-json\/wp\/v2\/users\/3"}],"replies":[{"embeddable":true,"href":"http:\/\/enteculturalsantafesino.com.ar\/usina1\/wp-json\/wp\/v2\/comments?post=3464"}],"version-history":[{"count":0,"href":"http:\/\/enteculturalsantafesino.com.ar\/usina1\/wp-json\/wp\/v2\/posts\/3464\/revisions"}],"wp:attachment":[{"href":"http:\/\/enteculturalsantafesino.com.ar\/usina1\/wp-json\/wp\/v2\/media?parent=3464"}],"wp:term":[{"taxonomy":"category","embeddable":true,"href":"http:\/\/enteculturalsantafesino.com.ar\/usina1\/wp-json\/wp\/v2\/categories?post=3464"},{"taxonomy":"post_tag","embeddable":true,"href":"http:\/\/enteculturalsantafesino.com.ar\/usina1\/wp-json\/wp\/v2\/tags?post=3464"}],"curies":[{"name":"wp","href":"https:\/\/api.w.org\/{rel}","templated":true}]}}