{"id":3474,"date":"2012-06-01T23:12:40","date_gmt":"2012-06-01T23:12:40","guid":{"rendered":"http:\/\/entecultura.com.ar\/noticias\/?p=3474"},"modified":"2012-06-01T23:13:44","modified_gmt":"2012-06-01T23:13:44","slug":"el-ente-de-cultura-se-reunio-con-la-intendenta-clerici-2","status":"publish","type":"post","link":"http:\/\/enteculturalsantafesino.com.ar\/usina1\/2012\/06\/el-ente-de-cultura-se-reunio-con-la-intendenta-clerici-2\/","title":{"rendered":"EL ENTE DE CULTURA SE REUNI\u00d3 CON LA INTENDENTA CL\u00c9RICI"},"content":{"rendered":"<p>En el mediodia del viernes 1 en las instalaciones de la Sede del MunIcipio<a href=\"http:\/\/enteculturalsantafesino.com.ar\/noticias\/wp-content\/uploads\/2012\/06\/100_0668.jpg\" rel=\"lightbox[3474]\"><img loading=\"lazy\" decoding=\"async\" class=\"alignright size-medium wp-image-3475\" title=\"100_0668\" src=\"http:\/\/enteculturalsantafesino.com.ar\/noticias\/wp-content\/uploads\/2012\/06\/100_0668-300x224.jpg\" alt=\"\" width=\"300\" height=\"224\" srcset=\"http:\/\/enteculturalsantafesino.com.ar\/usina1\/wp-content\/uploads\/2012\/06\/100_0668-300x224.jpg 300w, http:\/\/enteculturalsantafesino.com.ar\/usina1\/wp-content\/uploads\/2012\/06\/100_0668-1024x768.jpg 1024w, http:\/\/enteculturalsantafesino.com.ar\/usina1\/wp-content\/uploads\/2012\/06\/100_0668.jpg 1200w\" sizes=\"(max-width: 300px) 100vw, 300px\" \/><\/a><\/p>\n<p>de Ca\u00f1ada de G\u00f3mez, integrantes del Ente Regional de Cultura se reunieron con la Intendenta de la ciudad Dra. Stella Cl\u00e9rici. El motivo del encuentro tuvo como objetivo difundir las \u00faltimas gestiones desarrolladas por esta Asociaci\u00f3n Cultural y la promoci\u00f3n de la Agenda Cultural 2012. En Ca\u00f1ada de G\u00f3mez el Ente Regional de Cultura posee la sede y cabe destacar que en dicha comunidad se llevar\u00e1 a cabo la Apertura del Cabildo Cultural Santafesino (del 27 de agosto al 2 de septiembre). La Intendenta Cl\u00e9rici remarc\u00f3, la importancia de trabajar en forma conjunta, gestionando y posibilitando el crecimiento en valorar los exponentes y artistas de nuestras comunidades, como as\u00ed tambi\u00e9n avanzar en pol\u00edticas culturales que sigan interrelaionando a las comunidades de nuestra provincia. Por \u00faltimo la Municipalidad de Ca\u00f1ada de G\u00f3mez puso a disposici\u00f3n un espacio dentro la carpa institucional para difundir y promocionar el trabajo de esta Asociaci\u00f3n Cultural \u00a0santafesina . <em><strong>Gracias Intendenta Stella Cl\u00e9rici! Seguimos: Juntos, M\u00e1s y Mejor!<\/strong><\/em><\/p>\n","protected":false},"excerpt":{"rendered":"<p>En el mediodia del viernes 1 en las instalaciones de la Sede del MunIcipio de Ca\u00f1ada de [&hellip;]<\/p>\n","protected":false},"author":3,"featured_media":0,"comment_status":"open","ping_status":"open","sticky":false,"template":"","format":"standard","meta":{"_jetpack_memberships_contains_paid_content":false,"footnotes":"","jetpack_publicize_message":"","jetpack_publicize_feature_enabled":true,"jetpack_social_post_already_shared":false,"jetpack_social_options":{"image_generator_settings":{"template":"highway","enabled":false}}},"categories":[11,1],"tags":[],"jetpack_publicize_connections":[],"jetpack_sharing_enabled":true,"jetpack_featured_media_url":"","_links":{"self":[{"href":"http:\/\/enteculturalsantafesino.com.ar\/usina1\/wp-json\/wp\/v2\/posts\/3474"}],"collection":[{"href":"http:\/\/enteculturalsantafesino.com.ar\/usina1\/wp-json\/wp\/v2\/posts"}],"about":[{"href":"http:\/\/enteculturalsantafesino.com.ar\/usina1\/wp-json\/wp\/v2\/types\/post"}],"author":[{"embeddable":true,"href":"http:\/\/enteculturalsantafesino.com.ar\/usina1\/wp-json\/wp\/v2\/users\/3"}],"replies":[{"embeddable":true,"href":"http:\/\/enteculturalsantafesino.com.ar\/usina1\/wp-json\/wp\/v2\/comments?post=3474"}],"version-history":[{"count":0,"href":"http:\/\/enteculturalsantafesino.com.ar\/usina1\/wp-json\/wp\/v2\/posts\/3474\/revisions"}],"wp:attachment":[{"href":"http:\/\/enteculturalsantafesino.com.ar\/usina1\/wp-json\/wp\/v2\/media?parent=3474"}],"wp:term":[{"taxonomy":"category","embeddable":true,"href":"http:\/\/enteculturalsantafesino.com.ar\/usina1\/wp-json\/wp\/v2\/categories?post=3474"},{"taxonomy":"post_tag","embeddable":true,"href":"http:\/\/enteculturalsantafesino.com.ar\/usina1\/wp-json\/wp\/v2\/tags?post=3474"}],"curies":[{"name":"wp","href":"https:\/\/api.w.org\/{rel}","templated":true}]}}