{"id":3482,"date":"2012-06-01T23:21:07","date_gmt":"2012-06-01T23:21:07","guid":{"rendered":"http:\/\/entecultura.com.ar\/noticias\/?p=3482"},"modified":"2012-06-01T23:21:07","modified_gmt":"2012-06-01T23:21:07","slug":"gustavo-morea-disertara-en-san-genaro","status":"publish","type":"post","link":"http:\/\/enteculturalsantafesino.com.ar\/usina1\/2012\/06\/gustavo-morea-disertara-en-san-genaro\/","title":{"rendered":"GUSTAVO MOREA DISERTAR\u00c1 EN SAN GENARO"},"content":{"rendered":"<p>El prestigioso t\u00e9cnico mec\u00e1nico, conductor televisivo y relator de las carreras del mundial <a href=\"http:\/\/enteculturalsantafesino.com.ar\/noticias\/wp-content\/uploads\/2012\/06\/morea.jpg\" rel=\"lightbox[3482]\"><img loading=\"lazy\" decoding=\"async\" class=\"alignright size-medium wp-image-3483\" title=\"morea\" src=\"http:\/\/enteculturalsantafesino.com.ar\/noticias\/wp-content\/uploads\/2012\/06\/morea-200x300.jpg\" alt=\"\" width=\"200\" height=\"300\" srcset=\"http:\/\/enteculturalsantafesino.com.ar\/usina1\/wp-content\/uploads\/2012\/06\/morea-200x300.jpg 200w, http:\/\/enteculturalsantafesino.com.ar\/usina1\/wp-content\/uploads\/2012\/06\/morea.jpg 480w\" sizes=\"(max-width: 200px) 100vw, 200px\" \/><\/a><\/p>\n<p>de motos, Gustavo Morea, llegar\u00e1 a San Genaro para dar una charla sobre Seguridad para motociclistas, Manejo a la defensiva y T\u00e9cnicas del Moto GP.<\/p>\n<p>Esta actividad es organizada por el Director de Inspecci\u00f3n General de la Municipalidad de San Genaro, Marcelo Fiorgentile, conjuntamente con Moteros Sangenarinos, en el marco del d\u00eda de la Seguridad Vial.<\/p>\n<p>La entrada ser\u00e1 libre y gratuita y se llevar\u00e1 a cabo el d\u00eda <strong>domingo 10 de junio a las 10:30 hs<\/strong> en el Sal\u00f3n\u00a0 de Usos M\u00faltiples de la Municipalidad de San Genaro, calle 19 de Setiembre y Santa Fe.<\/p>\n<p><strong>Gustavo Morea<\/strong> tiene una extensa trayectoria ligada al <strong>motociclismo<\/strong> y es el <strong>principal referente<\/strong> del pa\u00eds. Se desempe\u00f1a como asesor t\u00e9cnico de empresas internacionales, relator de las competencias del <strong>Moto GP<\/strong> por <strong>ESPN<\/strong> y conductor del programa <strong>Moto Caf\u00e9<\/strong> que se emite en el canal <strong>El Garage<\/strong>.<\/p>\n<p>Para m\u00e1s informaci\u00f3n pueden comunicarse a los tel\u00e9fonos:<\/p>\n<p>03401 15640335\u2026. Marcelo<\/p>\n<p>03401 15437803\u2026. Pachi<\/p>\n<p>03401 15647006\u2026. Carlos<\/p>\n","protected":false},"excerpt":{"rendered":"<p>El prestigioso t\u00e9cnico mec\u00e1nico, conductor televisivo y relator de las carreras del mundial de motos, Gustavo Morea, [&hellip;]<\/p>\n","protected":false},"author":3,"featured_media":0,"comment_status":"open","ping_status":"open","sticky":false,"template":"","format":"standard","meta":{"_jetpack_memberships_contains_paid_content":false,"footnotes":"","jetpack_publicize_message":"","jetpack_publicize_feature_enabled":true,"jetpack_social_post_already_shared":false,"jetpack_social_options":{"image_generator_settings":{"template":"highway","enabled":false}}},"categories":[1],"tags":[],"jetpack_publicize_connections":[],"jetpack_sharing_enabled":true,"jetpack_featured_media_url":"","_links":{"self":[{"href":"http:\/\/enteculturalsantafesino.com.ar\/usina1\/wp-json\/wp\/v2\/posts\/3482"}],"collection":[{"href":"http:\/\/enteculturalsantafesino.com.ar\/usina1\/wp-json\/wp\/v2\/posts"}],"about":[{"href":"http:\/\/enteculturalsantafesino.com.ar\/usina1\/wp-json\/wp\/v2\/types\/post"}],"author":[{"embeddable":true,"href":"http:\/\/enteculturalsantafesino.com.ar\/usina1\/wp-json\/wp\/v2\/users\/3"}],"replies":[{"embeddable":true,"href":"http:\/\/enteculturalsantafesino.com.ar\/usina1\/wp-json\/wp\/v2\/comments?post=3482"}],"version-history":[{"count":0,"href":"http:\/\/enteculturalsantafesino.com.ar\/usina1\/wp-json\/wp\/v2\/posts\/3482\/revisions"}],"wp:attachment":[{"href":"http:\/\/enteculturalsantafesino.com.ar\/usina1\/wp-json\/wp\/v2\/media?parent=3482"}],"wp:term":[{"taxonomy":"category","embeddable":true,"href":"http:\/\/enteculturalsantafesino.com.ar\/usina1\/wp-json\/wp\/v2\/categories?post=3482"},{"taxonomy":"post_tag","embeddable":true,"href":"http:\/\/enteculturalsantafesino.com.ar\/usina1\/wp-json\/wp\/v2\/tags?post=3482"}],"curies":[{"name":"wp","href":"https:\/\/api.w.org\/{rel}","templated":true}]}}