{"id":3485,"date":"2012-06-01T23:40:38","date_gmt":"2012-06-01T23:40:38","guid":{"rendered":"http:\/\/entecultura.com.ar\/noticias\/?p=3485"},"modified":"2012-06-01T23:40:38","modified_gmt":"2012-06-01T23:40:38","slug":"correa-reunion-del-ente-regional-de-cultura","status":"publish","type":"post","link":"http:\/\/enteculturalsantafesino.com.ar\/usina1\/2012\/06\/correa-reunion-del-ente-regional-de-cultura\/","title":{"rendered":"CORREA: REUNI\u00d3N DEL ENTE REGIONAL DE CULTURA"},"content":{"rendered":"<p>En la sede comunal durante la ma\u00f1ana del viernes se llev\u00f3 a cabo un<a href=\"http:\/\/enteculturalsantafesino.com.ar\/noticias\/wp-content\/uploads\/2012\/06\/reuni\u00f3n-correa-ca\u00f1ada-1-6-009.jpg\" rel=\"lightbox[3485]\"><img loading=\"lazy\" decoding=\"async\" class=\"alignright size-medium wp-image-3486\" title=\"reuni\u00f3n correa-ca\u00f1ada-1-6 009\" src=\"http:\/\/enteculturalsantafesino.com.ar\/noticias\/wp-content\/uploads\/2012\/06\/reuni\u00f3n-correa-ca\u00f1ada-1-6-009-300x224.jpg\" alt=\"\" width=\"300\" height=\"224\" srcset=\"http:\/\/enteculturalsantafesino.com.ar\/usina1\/wp-content\/uploads\/2012\/06\/reuni\u00f3n-correa-ca\u00f1ada-1-6-009-300x224.jpg 300w, http:\/\/enteculturalsantafesino.com.ar\/usina1\/wp-content\/uploads\/2012\/06\/reuni\u00f3n-correa-ca\u00f1ada-1-6-009-1024x768.jpg 1024w, http:\/\/enteculturalsantafesino.com.ar\/usina1\/wp-content\/uploads\/2012\/06\/reuni\u00f3n-correa-ca\u00f1ada-1-6-009.jpg 1200w\" sizes=\"(max-width: 300px) 100vw, 300px\" \/><\/a><\/p>\n<p>nuevo encuentro del Ente Regional de Cultura. Los distintos secretarios de Cultura de las comunidades que integran dicho organismo.Coordinaron y evaluaron los diveros temas preparados dentro del orden del d\u00eda, llevando un seguimiento de cada Departamento, Gesti\u00f3n\u00a0y Programa Cultural\u00a0propuesto para este a\u00f1o.\u00a0El presidente Comunal\u00a0Fabian\u00a0Cejas, di\u00f3 la\u00a0bienvenida a todos los integrantes y manifest\u00f3 su alegr\u00eda de que la comunidad de Correa conforme este espacio, <em>destacando que las pol\u00edticas culturales nos permiten unir, demostrando que estos espacios y \u00e1mbitos dejan de lado las diferencias.\u00a0Para\u00a0Correa es fundamental el desarrollo cultural a nivel local y regional.<\/em><\/p>\n<p><em>Orden del Dia.<\/em><\/p>\n<p><em>1- Lectura del Acta<\/em><\/p>\n<p><em>2- Funciones y objetivos del Ente<\/em><\/p>\n<p><em>3- Redise\u00f1o y Uso de la P\u00e1gina. Beneficios y Alcance.<\/em><\/p>\n<p><em>4-Bases De Pueblo en Pueblo.Carlos Pellegrini<\/em><\/p>\n<p><em>5- Bases Forma y Color- Sastre<\/em><\/p>\n<p><em>6- Salve Argentina y Jingle del Ente-Ma. Juana y Correa<\/em><\/p>\n<p><em>7- Cabildo Cultural Santafesino- Desarrollo y Preparativos<\/em><\/p>\n<p><em>8-Cuota Societaria Anual<\/em><\/p>\n<p><em>9- Coordinaci\u00f3n de las Bases de Datos dentro de las Galer\u00edas de la web del Ente<\/em><\/p>\n<p><em>10.Lectura de Notas y propuestas enviadas a nuestros contactos.<\/em><\/p>\n<p><em>El pr\u00f3ximo encuentro se desarrollar\u00e1 en el mes de julio en Ca\u00f1ada de G\u00f3mez.-<\/em><\/p>\n","protected":false},"excerpt":{"rendered":"<p>En la sede comunal durante la ma\u00f1ana del viernes se llev\u00f3 a cabo un nuevo encuentro del [&hellip;]<\/p>\n","protected":false},"author":3,"featured_media":0,"comment_status":"open","ping_status":"open","sticky":false,"template":"","format":"standard","meta":{"_jetpack_memberships_contains_paid_content":false,"footnotes":"","jetpack_publicize_message":"","jetpack_publicize_feature_enabled":true,"jetpack_social_post_already_shared":false,"jetpack_social_options":{"image_generator_settings":{"template":"highway","enabled":false}}},"categories":[21,1],"tags":[],"jetpack_publicize_connections":[],"jetpack_sharing_enabled":true,"jetpack_featured_media_url":"","_links":{"self":[{"href":"http:\/\/enteculturalsantafesino.com.ar\/usina1\/wp-json\/wp\/v2\/posts\/3485"}],"collection":[{"href":"http:\/\/enteculturalsantafesino.com.ar\/usina1\/wp-json\/wp\/v2\/posts"}],"about":[{"href":"http:\/\/enteculturalsantafesino.com.ar\/usina1\/wp-json\/wp\/v2\/types\/post"}],"author":[{"embeddable":true,"href":"http:\/\/enteculturalsantafesino.com.ar\/usina1\/wp-json\/wp\/v2\/users\/3"}],"replies":[{"embeddable":true,"href":"http:\/\/enteculturalsantafesino.com.ar\/usina1\/wp-json\/wp\/v2\/comments?post=3485"}],"version-history":[{"count":0,"href":"http:\/\/enteculturalsantafesino.com.ar\/usina1\/wp-json\/wp\/v2\/posts\/3485\/revisions"}],"wp:attachment":[{"href":"http:\/\/enteculturalsantafesino.com.ar\/usina1\/wp-json\/wp\/v2\/media?parent=3485"}],"wp:term":[{"taxonomy":"category","embeddable":true,"href":"http:\/\/enteculturalsantafesino.com.ar\/usina1\/wp-json\/wp\/v2\/categories?post=3485"},{"taxonomy":"post_tag","embeddable":true,"href":"http:\/\/enteculturalsantafesino.com.ar\/usina1\/wp-json\/wp\/v2\/tags?post=3485"}],"curies":[{"name":"wp","href":"https:\/\/api.w.org\/{rel}","templated":true}]}}