{"id":3489,"date":"2012-06-02T05:21:44","date_gmt":"2012-06-02T05:21:44","guid":{"rendered":"http:\/\/entecultura.com.ar\/noticias\/?p=3489"},"modified":"2012-06-02T05:23:35","modified_gmt":"2012-06-02T05:23:35","slug":"la-brujula-cultural-para-todos-los-musicos","status":"publish","type":"post","link":"http:\/\/enteculturalsantafesino.com.ar\/usina1\/2012\/06\/la-brujula-cultural-para-todos-los-musicos\/","title":{"rendered":"\u00abLA BRUJULA CULTURAL\u00bb PARA TODOS LOS M\u00daSICOS"},"content":{"rendered":"<p>El Ente Regional de Cultura invita a todos los m\u00fasicos de nuesta regi\u00f3n a <a href=\"http:\/\/enteculturalsantafesino.com.ar\/noticias\/wp-content\/uploads\/2012\/06\/LOGO-BRUJULA.jpg\" rel=\"lightbox[3489]\"><img loading=\"lazy\" decoding=\"async\" class=\"alignright size-medium wp-image-3490\" title=\"LOGO BRUJULA\" src=\"http:\/\/enteculturalsantafesino.com.ar\/noticias\/wp-content\/uploads\/2012\/06\/LOGO-BRUJULA-300x140.jpg\" alt=\"\" width=\"300\" height=\"140\" srcset=\"http:\/\/enteculturalsantafesino.com.ar\/usina1\/wp-content\/uploads\/2012\/06\/LOGO-BRUJULA-300x140.jpg 300w, http:\/\/enteculturalsantafesino.com.ar\/usina1\/wp-content\/uploads\/2012\/06\/LOGO-BRUJULA.jpg 800w\" sizes=\"(max-width: 300px) 100vw, 300px\" \/><\/a><\/p>\n<p>formar parte de la galer\u00eda\u00a0y base de datos\u00a0musical dentro del programa denominado;\u00a0<em><strong>LA BRUJULA CULTURAL.<\/strong><\/em><\/p>\n<p>Con el pr\u00f3p\u00f3sito de interactuar y difundir a nuestros artistas El Ente Regional de Cultura ofrece este espacio virtual, de encuentro y organizaci\u00f3n para todos los g\u00e9neros musicales.-<\/p>\n<p>Dicha propuesta comienza a recepcionar tu\u00a0obra musical, cantidad una(1) desde el <em><strong>4 de junio en la Secretaria de Cultura de tu localidad, incluyendo nombre de la obra e interprete\/es. <\/strong><\/em>Estos trabajos ser\u00e1n difundidos en nuestra web: <a href=\"http:\/\/www.enteculturalsantafesino.com.ar\">www.enteculturalsantafesino.com.ar<\/a>.<\/p>\n<p>Adherentes:<em>Bouquet, Carlos Pellegrini, Ca\u00f1ada de G\u00f3mez, Correa, El Tr\u00e9bol, Mar\u00eda Juana, Mar\u00eda Susana, Montes de Oca, San Genaro, San Jorge, San Vicente, Sastre, Totoras, Tortugas, Los Cardos.<\/em><\/p>\n<p>&nbsp;<\/p>\n","protected":false},"excerpt":{"rendered":"<p>El Ente Regional de Cultura invita a todos los m\u00fasicos de nuesta regi\u00f3n a formar parte de [&hellip;]<\/p>\n","protected":false},"author":3,"featured_media":0,"comment_status":"open","ping_status":"open","sticky":false,"template":"","format":"standard","meta":{"_jetpack_memberships_contains_paid_content":false,"footnotes":"","jetpack_publicize_message":"","jetpack_publicize_feature_enabled":true,"jetpack_social_post_already_shared":false,"jetpack_social_options":{"image_generator_settings":{"template":"highway","enabled":false}}},"categories":[1],"tags":[],"jetpack_publicize_connections":[],"jetpack_sharing_enabled":true,"jetpack_featured_media_url":"","_links":{"self":[{"href":"http:\/\/enteculturalsantafesino.com.ar\/usina1\/wp-json\/wp\/v2\/posts\/3489"}],"collection":[{"href":"http:\/\/enteculturalsantafesino.com.ar\/usina1\/wp-json\/wp\/v2\/posts"}],"about":[{"href":"http:\/\/enteculturalsantafesino.com.ar\/usina1\/wp-json\/wp\/v2\/types\/post"}],"author":[{"embeddable":true,"href":"http:\/\/enteculturalsantafesino.com.ar\/usina1\/wp-json\/wp\/v2\/users\/3"}],"replies":[{"embeddable":true,"href":"http:\/\/enteculturalsantafesino.com.ar\/usina1\/wp-json\/wp\/v2\/comments?post=3489"}],"version-history":[{"count":0,"href":"http:\/\/enteculturalsantafesino.com.ar\/usina1\/wp-json\/wp\/v2\/posts\/3489\/revisions"}],"wp:attachment":[{"href":"http:\/\/enteculturalsantafesino.com.ar\/usina1\/wp-json\/wp\/v2\/media?parent=3489"}],"wp:term":[{"taxonomy":"category","embeddable":true,"href":"http:\/\/enteculturalsantafesino.com.ar\/usina1\/wp-json\/wp\/v2\/categories?post=3489"},{"taxonomy":"post_tag","embeddable":true,"href":"http:\/\/enteculturalsantafesino.com.ar\/usina1\/wp-json\/wp\/v2\/tags?post=3489"}],"curies":[{"name":"wp","href":"https:\/\/api.w.org\/{rel}","templated":true}]}}