{"id":3498,"date":"2012-06-04T13:01:37","date_gmt":"2012-06-04T13:01:37","guid":{"rendered":"http:\/\/entecultura.com.ar\/noticias\/?p=3498"},"modified":"2012-06-04T13:01:37","modified_gmt":"2012-06-04T13:01:37","slug":"canada-de-gomez-mas-actividades-relacionadas-a-malvinas","status":"publish","type":"post","link":"http:\/\/enteculturalsantafesino.com.ar\/usina1\/2012\/06\/canada-de-gomez-mas-actividades-relacionadas-a-malvinas\/","title":{"rendered":"CA\u00d1ADA DE G\u00d3MEZ: M\u00c1S ACTIVIDADES RELACIONADAS A MALVINAS"},"content":{"rendered":"<table width=\"475\" border=\"0\" bgcolor=\"#ffffff\">\n<tbody>\n<tr>\n<td align=\"left\"><strong>Este martes se <a href=\"http:\/\/enteculturalsantafesino.com.ar\/noticias\/wp-content\/uploads\/2012\/06\/malvinas-nuevo-cg.png\" rel=\"lightbox[3498]\"><img loading=\"lazy\" decoding=\"async\" class=\"alignright size-medium wp-image-3499\" title=\"malvinas nuevo cg\" src=\"http:\/\/enteculturalsantafesino.com.ar\/noticias\/wp-content\/uploads\/2012\/06\/malvinas-nuevo-cg-300x164.png\" alt=\"\" width=\"300\" height=\"164\" srcset=\"http:\/\/enteculturalsantafesino.com.ar\/usina1\/wp-content\/uploads\/2012\/06\/malvinas-nuevo-cg-300x164.png 300w, http:\/\/enteculturalsantafesino.com.ar\/usina1\/wp-content\/uploads\/2012\/06\/malvinas-nuevo-cg.png 465w\" sizes=\"(max-width: 300px) 100vw, 300px\" \/><\/a><\/strong><\/p>\n<p><strong>proyectar\u00e1 el documental<\/strong><\/p>\n<p><strong>\u00a0\u201c14 de junio, lo que nunca<\/strong><\/p>\n<p><strong>\u00a0se perdi\u00f3\u201d, <\/strong><\/p>\n<p><strong>en Casa del Bicentenario, desde las 20.30<\/strong><\/td>\n<\/tr>\n<tr>\n<td id=\"cuerpo\" align=\"left\">\u00a0\u00a0\u00a0\u00a0\u00a0\u00a0\u00a0\u00a0\u00a0\u00a0\u00a0 La municipalidad de Ca\u00f1ada de G\u00f3mez invita a la proyecci\u00f3n del documental testimonial de ex combatientes \u201c14 de junio, lo que nunca se perdi\u00f3\u201d, producido por el INCAA. Ser\u00e1 este martes 5 de junio a las 20.30 hs en Casa del Bicentenario<\/td>\n<\/tr>\n<\/tbody>\n<\/table>\n","protected":false},"excerpt":{"rendered":"<p>Este martes se proyectar\u00e1 el documental \u00a0\u201c14 de junio, lo que nunca \u00a0se perdi\u00f3\u201d, en Casa del [&hellip;]<\/p>\n","protected":false},"author":3,"featured_media":0,"comment_status":"open","ping_status":"open","sticky":false,"template":"","format":"standard","meta":{"_jetpack_memberships_contains_paid_content":false,"footnotes":"","jetpack_publicize_message":"","jetpack_publicize_feature_enabled":true,"jetpack_social_post_already_shared":false,"jetpack_social_options":{"image_generator_settings":{"template":"highway","enabled":false}}},"categories":[11,4],"tags":[],"jetpack_publicize_connections":[],"jetpack_sharing_enabled":true,"jetpack_featured_media_url":"","_links":{"self":[{"href":"http:\/\/enteculturalsantafesino.com.ar\/usina1\/wp-json\/wp\/v2\/posts\/3498"}],"collection":[{"href":"http:\/\/enteculturalsantafesino.com.ar\/usina1\/wp-json\/wp\/v2\/posts"}],"about":[{"href":"http:\/\/enteculturalsantafesino.com.ar\/usina1\/wp-json\/wp\/v2\/types\/post"}],"author":[{"embeddable":true,"href":"http:\/\/enteculturalsantafesino.com.ar\/usina1\/wp-json\/wp\/v2\/users\/3"}],"replies":[{"embeddable":true,"href":"http:\/\/enteculturalsantafesino.com.ar\/usina1\/wp-json\/wp\/v2\/comments?post=3498"}],"version-history":[{"count":0,"href":"http:\/\/enteculturalsantafesino.com.ar\/usina1\/wp-json\/wp\/v2\/posts\/3498\/revisions"}],"wp:attachment":[{"href":"http:\/\/enteculturalsantafesino.com.ar\/usina1\/wp-json\/wp\/v2\/media?parent=3498"}],"wp:term":[{"taxonomy":"category","embeddable":true,"href":"http:\/\/enteculturalsantafesino.com.ar\/usina1\/wp-json\/wp\/v2\/categories?post=3498"},{"taxonomy":"post_tag","embeddable":true,"href":"http:\/\/enteculturalsantafesino.com.ar\/usina1\/wp-json\/wp\/v2\/tags?post=3498"}],"curies":[{"name":"wp","href":"https:\/\/api.w.org\/{rel}","templated":true}]}}