{"id":3502,"date":"2012-06-04T14:11:44","date_gmt":"2012-06-04T14:11:44","guid":{"rendered":"http:\/\/entecultura.com.ar\/noticias\/?p=3502"},"modified":"2012-06-04T14:11:44","modified_gmt":"2012-06-04T14:11:44","slug":"exitosa-jornada-de-tango-en-canada-de-gomez","status":"publish","type":"post","link":"http:\/\/enteculturalsantafesino.com.ar\/usina1\/2012\/06\/exitosa-jornada-de-tango-en-canada-de-gomez\/","title":{"rendered":"EXITOSA JORNADA DE TANGO EN CA\u00d1ADA DE G\u00d3MEZ"},"content":{"rendered":"<p>El domingo 3 de junio<a href=\"http:\/\/enteculturalsantafesino.com.ar\/noticias\/wp-content\/uploads\/2012\/06\/seminario-11.jpg\" rel=\"lightbox[3502]\"><img loading=\"lazy\" decoding=\"async\" class=\"alignright size-medium wp-image-3505\" title=\"seminario 1\" src=\"http:\/\/enteculturalsantafesino.com.ar\/noticias\/wp-content\/uploads\/2012\/06\/seminario-11-300x225.jpg\" alt=\"\" width=\"300\" height=\"225\" srcset=\"http:\/\/enteculturalsantafesino.com.ar\/usina1\/wp-content\/uploads\/2012\/06\/seminario-11-300x225.jpg 300w, http:\/\/enteculturalsantafesino.com.ar\/usina1\/wp-content\/uploads\/2012\/06\/seminario-11.jpg 960w\" sizes=\"(max-width: 300px) 100vw, 300px\" \/><\/a><a href=\"http:\/\/enteculturalsantafesino.com.ar\/noticias\/wp-content\/uploads\/2012\/06\/seminario-2.jpg\" rel=\"lightbox[3502]\"><img loading=\"lazy\" decoding=\"async\" class=\"alignright size-medium wp-image-3504\" title=\"seminario 2\" src=\"http:\/\/enteculturalsantafesino.com.ar\/noticias\/wp-content\/uploads\/2012\/06\/seminario-2-300x225.jpg\" alt=\"\" width=\"300\" height=\"225\" srcset=\"http:\/\/enteculturalsantafesino.com.ar\/usina1\/wp-content\/uploads\/2012\/06\/seminario-2-300x225.jpg 300w, http:\/\/enteculturalsantafesino.com.ar\/usina1\/wp-content\/uploads\/2012\/06\/seminario-2.jpg 960w\" sizes=\"(max-width: 300px) 100vw, 300px\" \/><\/a><\/p>\n<p>a las 15.30 horas,<\/p>\n<p>en la Casa del<\/p>\n<p>Bicentenario se realiz\u00f3<\/p>\n<p>el Seminario<\/p>\n<p>de Tango a cargo de los ganadores mundiales 2009 Jonathan y Betsabet con gran \u00e9xito dicha propuesta cont\u00f3n con bailarines de toda la regi\u00f3n<\/p>\n<p>La actividad fue\u00a0ntensiva y con la posibilidad de perfeccionarse y encontrarse a trav\u00e9s del 2&#215;4.<\/p>\n<p>Al cierre de la jornada desde las 19hs se cont\u00f3 con la presencia exclusiva del cantante Javier Noseda, que con prestancia y profesionalismo cautiv\u00f3 a todos los presentes.-<\/p>\n","protected":false},"excerpt":{"rendered":"<p>El domingo 3 de junio a las 15.30 horas, en la Casa del Bicentenario se realiz\u00f3 el [&hellip;]<\/p>\n","protected":false},"author":3,"featured_media":0,"comment_status":"open","ping_status":"open","sticky":false,"template":"","format":"standard","meta":{"_jetpack_memberships_contains_paid_content":false,"footnotes":"","jetpack_publicize_message":"","jetpack_publicize_feature_enabled":true,"jetpack_social_post_already_shared":false,"jetpack_social_options":{"image_generator_settings":{"template":"highway","enabled":false}}},"categories":[4,6],"tags":[],"jetpack_publicize_connections":[],"jetpack_sharing_enabled":true,"jetpack_featured_media_url":"","_links":{"self":[{"href":"http:\/\/enteculturalsantafesino.com.ar\/usina1\/wp-json\/wp\/v2\/posts\/3502"}],"collection":[{"href":"http:\/\/enteculturalsantafesino.com.ar\/usina1\/wp-json\/wp\/v2\/posts"}],"about":[{"href":"http:\/\/enteculturalsantafesino.com.ar\/usina1\/wp-json\/wp\/v2\/types\/post"}],"author":[{"embeddable":true,"href":"http:\/\/enteculturalsantafesino.com.ar\/usina1\/wp-json\/wp\/v2\/users\/3"}],"replies":[{"embeddable":true,"href":"http:\/\/enteculturalsantafesino.com.ar\/usina1\/wp-json\/wp\/v2\/comments?post=3502"}],"version-history":[{"count":0,"href":"http:\/\/enteculturalsantafesino.com.ar\/usina1\/wp-json\/wp\/v2\/posts\/3502\/revisions"}],"wp:attachment":[{"href":"http:\/\/enteculturalsantafesino.com.ar\/usina1\/wp-json\/wp\/v2\/media?parent=3502"}],"wp:term":[{"taxonomy":"category","embeddable":true,"href":"http:\/\/enteculturalsantafesino.com.ar\/usina1\/wp-json\/wp\/v2\/categories?post=3502"},{"taxonomy":"post_tag","embeddable":true,"href":"http:\/\/enteculturalsantafesino.com.ar\/usina1\/wp-json\/wp\/v2\/tags?post=3502"}],"curies":[{"name":"wp","href":"https:\/\/api.w.org\/{rel}","templated":true}]}}