{"id":3519,"date":"2012-06-05T13:15:01","date_gmt":"2012-06-05T13:15:01","guid":{"rendered":"http:\/\/entecultura.com.ar\/noticias\/?p=3519"},"modified":"2012-06-05T13:15:02","modified_gmt":"2012-06-05T13:15:02","slug":"san-jorge-homenaje-a-los-veteranos-de-guerra-locales","status":"publish","type":"post","link":"http:\/\/enteculturalsantafesino.com.ar\/usina1\/2012\/06\/san-jorge-homenaje-a-los-veteranos-de-guerra-locales\/","title":{"rendered":"SAN JORGE: HOMENAJE A LOS VETERANOS DE GUERRA LOCALES"},"content":{"rendered":"<p>La Municipalidad de San Jorge, a 30 a\u00f1os del Cese de Hostilidades de la Guerra de Malvinas, invita<a href=\"http:\/\/enteculturalsantafesino.com.ar\/noticias\/wp-content\/uploads\/2012\/06\/MALVINAS-SJ.jpg\" rel=\"lightbox[3519]\"><img loading=\"lazy\" decoding=\"async\" class=\"alignright size-full wp-image-3520\" title=\"MALVINAS SJ\" src=\"http:\/\/enteculturalsantafesino.com.ar\/noticias\/wp-content\/uploads\/2012\/06\/MALVINAS-SJ.jpg\" alt=\"\" width=\"150\" height=\"114\" \/><\/a><\/p>\n<p>a la poblaci\u00f3n al Homenaje que se le realizar\u00e1 a los Veteranos de Guerra de nuestra ciudad, Se\u00f1ores Jorge Fiorito, Jorge Brizuela, H\u00e9ctor Casas y Hugo Ram\u00edrez. El mismo se llevara a cabo el pr\u00f3ximo jueves 14 de junio, a las 18:00 horas, en el Museo de la Ciudad.<\/p>\n<p>Entrada libre y gratuita.<\/p>\n","protected":false},"excerpt":{"rendered":"<p>La Municipalidad de San Jorge, a 30 a\u00f1os del Cese de Hostilidades de la Guerra de Malvinas, [&hellip;]<\/p>\n","protected":false},"author":3,"featured_media":0,"comment_status":"open","ping_status":"open","sticky":false,"template":"","format":"standard","meta":{"_jetpack_memberships_contains_paid_content":false,"footnotes":"","jetpack_publicize_message":"","jetpack_publicize_feature_enabled":true,"jetpack_social_post_already_shared":false,"jetpack_social_options":{"image_generator_settings":{"template":"highway","enabled":false}}},"categories":[4],"tags":[],"jetpack_publicize_connections":[],"jetpack_sharing_enabled":true,"jetpack_featured_media_url":"","_links":{"self":[{"href":"http:\/\/enteculturalsantafesino.com.ar\/usina1\/wp-json\/wp\/v2\/posts\/3519"}],"collection":[{"href":"http:\/\/enteculturalsantafesino.com.ar\/usina1\/wp-json\/wp\/v2\/posts"}],"about":[{"href":"http:\/\/enteculturalsantafesino.com.ar\/usina1\/wp-json\/wp\/v2\/types\/post"}],"author":[{"embeddable":true,"href":"http:\/\/enteculturalsantafesino.com.ar\/usina1\/wp-json\/wp\/v2\/users\/3"}],"replies":[{"embeddable":true,"href":"http:\/\/enteculturalsantafesino.com.ar\/usina1\/wp-json\/wp\/v2\/comments?post=3519"}],"version-history":[{"count":0,"href":"http:\/\/enteculturalsantafesino.com.ar\/usina1\/wp-json\/wp\/v2\/posts\/3519\/revisions"}],"wp:attachment":[{"href":"http:\/\/enteculturalsantafesino.com.ar\/usina1\/wp-json\/wp\/v2\/media?parent=3519"}],"wp:term":[{"taxonomy":"category","embeddable":true,"href":"http:\/\/enteculturalsantafesino.com.ar\/usina1\/wp-json\/wp\/v2\/categories?post=3519"},{"taxonomy":"post_tag","embeddable":true,"href":"http:\/\/enteculturalsantafesino.com.ar\/usina1\/wp-json\/wp\/v2\/tags?post=3519"}],"curies":[{"name":"wp","href":"https:\/\/api.w.org\/{rel}","templated":true}]}}