{"id":3529,"date":"2012-06-05T23:46:28","date_gmt":"2012-06-05T23:46:28","guid":{"rendered":"http:\/\/entecultura.com.ar\/noticias\/?p=3529"},"modified":"2012-06-05T23:46:28","modified_gmt":"2012-06-05T23:46:28","slug":"sastre-programa-de-residencias-para-artistas","status":"publish","type":"post","link":"http:\/\/enteculturalsantafesino.com.ar\/usina1\/2012\/06\/sastre-programa-de-residencias-para-artistas\/","title":{"rendered":"Sastre: Programa de Residencias para artistas"},"content":{"rendered":"<p><strong>Organizan:<\/strong> <strong>Museo Castagnino+macro,\u00a0 DepartamentoAA <a href=\"http:\/\/enteculturalsantafesino.com.ar\/noticias\/wp-content\/uploads\/2012\/06\/castagnino.jpg\" rel=\"lightbox[3529]\"><img loading=\"lazy\" decoding=\"async\" class=\"alignright size-medium wp-image-3531\" title=\"castagnino\" src=\"http:\/\/enteculturalsantafesino.com.ar\/noticias\/wp-content\/uploads\/2012\/06\/castagnino-300x146.jpg\" alt=\"\" width=\"300\" height=\"146\" srcset=\"http:\/\/enteculturalsantafesino.com.ar\/usina1\/wp-content\/uploads\/2012\/06\/castagnino-300x146.jpg 300w, http:\/\/enteculturalsantafesino.com.ar\/usina1\/wp-content\/uploads\/2012\/06\/castagnino.jpg 321w\" sizes=\"(max-width: 300px) 100vw, 300px\" \/><\/a><\/strong><\/p>\n<p><strong>(Centro de Expresiones Contempor\u00e1neas de Rosario)<\/strong> <strong>Con el apoyo de: Municipalidad de\u00a0 Sastre \u2013 Consejo de Ciencias Econ\u00f3micas delegaci\u00f3n Sastre &#8211; Adelina de Amero &#8211;\u00a0 Ariel Torti<\/strong><\/p>\n<p><strong>Convocatoria abierta desde el 21 de\u00a0 mayo hasta el 13 de julio<\/strong><\/p>\n<p>El programa busca que artistas de\u00a0 diferentes puntos de Argentina se encuentren en un espacio que los disponga muy\u00a0 especialmente a realizar una experiencia de intercambio y producci\u00f3n. \u00a0 La residencia est\u00e1 pensada para que dos artistas de nuestro pa\u00eds vivan y\u00a0 trabajen durante 15 d\u00edas en la ciudad de <strong>Sastre<\/strong> (Provincia de Santa Fe).<br \/>\nSastre es una peque\u00f1a ciudad, de vida\u00a0 serena, de amigos, de producci\u00f3n agr\u00edcola-ganadera. \u00a0 Esto permite que, tanto en bicicleta como\u00a0 caminando se la pueda conocer en pocos d\u00edas. Tambi\u00e9n es conocida en toda la regi\u00f3n\u00a0 por las actividades culturales como los Famosos Carnavales de Sastre y Ortiz,\u00a0 que por sus carrozas, sus comparsas y su convocatoria, hicieron que la ciudad\u00a0 sea nombrada Capital Provincial del Carnaval.<br \/>\n<strong>Bases <\/strong> <strong> <strong>De los participantes<\/strong><\/strong> \u00a0 Esta convocatoria est\u00e1 abierta a todos los\/las artistas visuales residentes en\u00a0 Argentina, sin l\u00edmite de edad. <strong> <strong>De la duraci\u00f3n<\/strong><\/strong> \u00a0 La duraci\u00f3n de la residencia en San Javier es de 15 d\u00edas (del 8 de octubre al\u00a0 23 de octubre inclusive).<\/p>\n<p>&nbsp;<\/p>\n<p align=\"left\"><strong><strong>De las prestaciones<\/strong><\/strong><\/p>\n<p align=\"left\">\u00a0 Las Residencias incluyen:<\/p>\n<p>\u00a0 Pasaje ida y vuelta desde el lugar de residencia del artista.<\/p>\n<ul>\n<li>Alojamiento en casa a compartir entre los dos residentes (heladera, aire\u00a0 acondicionado, parrillero, ba\u00f1o, instalaci\u00f3n de agua fr\u00eda y caliente, dos\u00a0 habitaciones) est\u00e1 ubicada a tres cuadras de la plaza central.<\/li>\n<li>Almuerzo y Cena en restaurante asignado.<\/li>\n<\/ul>\n<p><strong><strong>De la presentaci\u00f3n de solicitudes<\/strong><\/strong><\/p>\n<p align=\"left\">\u00a0\u00a0 Los\/las artistas interesados\/as deber\u00e1n presentar un pdf que no exceda los 5 MB con la siguiente documentaci\u00f3n:<\/p>\n<p>\u00a0 Nombre, Apellido, DNI,\u00a0 Fecha y lugar de nacimiento, Domicilio, Tel\u00e9fono, e-mail.<\/p>\n<ul>\n<li>Curr\u00edculum vitae reducido (m\u00e1ximo una carilla A4)<\/li>\n<li>Breves l\u00edneas en torno al inter\u00e9s en realizar esta experiencia desde el lugar de su producci\u00f3n (no m\u00e1s de 130 palabras).<\/li>\n<li>Hasta 10 im\u00e1genes de producciones realizadas anteriormente. \u00c9stas deber\u00e1n ir acompa\u00f1adas por sus respectivas ?chas t\u00e9cnicas.<\/li>\n<li>Si fuera necesario links a videos en youtube o p\u00e1ginas web.\u00a0\u00a0\u00a0\u00a0\u00a0\u00a0\u00a0\u00a0\u00a0\u00a0\u00a0 <strong> <\/strong><\/li>\n<\/ul>\n<p><strong><strong>De las solicitudes<\/strong><\/strong><\/p>\n<p>El material anteriormente citado debe enviarse v\u00eda email entre el 21 de mayo al\u00a0 13 de julio a: <a href=\"mailto:departamentoaa@cecrosario.org.ar\" target=\"_blank\"><strong>departamentoaa@cecrosario.org.ar<\/strong><\/a>.<\/p>\n<p>El asunto deber\u00e1 llevar como t\u00edtulo: <strong>Residencias Sastre<\/strong> <strong> <\/strong><strong>De la selecci\u00f3n<\/strong><\/p>\n<p>Un jurado propuesto por el Museo Castagnino+macro y el DeptoAA (CEC) realizar\u00e1\u00a0 la selecci\u00f3n de los dos artistas.<\/p>\n<p>Las decisiones del Jurado ser\u00e1n\u00a0 inapelables.<\/p>\n<p>Los artistas seleccionados ser\u00e1n notificados la \u00faltima semana de agosto.<\/p>\n<p><strong>\u00a0<strong>De la producci\u00f3n en <\/strong>la Residencia Sastre 2012<\/strong><\/p>\n<p>Debido a las caracter\u00edsticas especiales de esta\u00a0 residencia no se establece ning\u00fan modo ni formato espec\u00edfico para la producci\u00f3n\u00a0 que vaya a realizar el artista, ya que esta depender\u00e1 en cada caso de las\u00a0 interacciones, v\u00ednculos y reflexiones que se produzcan durante dicha estad\u00eda. \u00a0\u00a0\u00a0\u00a0\u00a0\u00a0\u00a0\u00a0\u00a0\u00a0\u00a0\u00a0\u00a0 La producci\u00f3n y\/o registro de la experiencia realizada en el\u00a0 marco de la residencia podr\u00e1 ser solicitada en pr\u00e9stamo por las entidades\u00a0 organizadoras para su exhibici\u00f3n.<\/p>\n<p>&nbsp;<\/p>\n<p align=\"left\">El DepartamentoAA (CEC) y el Museo\u00a0 Castagnino+macro no se responsabilizar\u00e1n por eventuales robos, hurtos y\/o\u00a0 hechos fortuitos de fuerza mayor que ocurrieran dentro del marco de esta\u00a0 residencia <strong> <strong>De la devoluci\u00f3n Institucional<\/strong><\/strong> \u00a0\u00a0\u00a0\u00a0\u00a0\u00a0\u00a0\u00a0\u00a0\u00a0\u00a0\u00a0\u00a0 Por las razones expuestas anteriormente, al t\u00e9rmino de la residencia, se\u00a0 evaluar\u00e1 en cada caso particular, la posibilidad o no, de difusi\u00f3n de la\u00a0 producci\u00f3n realizada.<br \/>\n<strong>Compromiso del artista beneficiario<\/strong> \u00a0\u00a0\u00a0\u00a0\u00a0\u00a0\u00a0\u00a0\u00a0\u00a0\u00a0\u00a0\u00a0 -Dejar constancia en publicaciones, p\u00e1ginas web u otros medios de\u00a0 difusi\u00f3n de que la obra fue realizada en el contexto de las Residencias Sastre\u00a0 llevado a cabo por el Museo Castagnino+macro, el DepartamentoAA (CEC).<br \/>\n<strong>Derechos de\u00a0 reproducci\u00f3n<\/strong> \u00a0\u00a0\u00a0\u00a0\u00a0\u00a0\u00a0\u00a0\u00a0\u00a0\u00a0 Los artistas deber\u00e1n ceder los derechos de reproducci\u00f3n y\/o\u00a0 edici\u00f3n y\/o publicaci\u00f3n de imagen de todos los trabajos y\/o registros de la\u00a0 experiencia realizados en el contexto de estas residencias al DepartamentoAA\u00a0 (CEC) y al Museo Castagnino+macro, para ser utilizados al s\u00f3lo efecto de\u00a0 la difusi\u00f3n cultural, sin fines de lucro.<\/p>\n<p><strong>De la aceptaci\u00f3n de las bases y de la resoluci\u00f3n\u00a0 del jurado<\/strong> \u00a0 La participaci\u00f3n en este concurso comporta la aceptaci\u00f3n de sus bases,\u00a0 la resoluci\u00f3n del jurado, la firma de un\u00a0 convenio entre el artista y la Municipalidad de Rosario con el\u00a0 objeto de efectivizar la residencia, as\u00ed como tambi\u00e9n de los cambios, que a\u00a0 consecuencia de factores externos a las Instituciones pertinentes, se puedan\u00a0 producir con posteridad.<\/p>\n<p align=\"left\"><a href=\"http:\/\/www.castagninomacro.org\/programas\/residencia%20_sastre.pdf\">http:\/\/www.castagninomacro.org\/programas\/residencia%20_sastre.pdf<\/a><\/p>\n<p>&nbsp;<\/p>\n","protected":false},"excerpt":{"rendered":"<p>Organizan: Museo Castagnino+macro,\u00a0 DepartamentoAA (Centro de Expresiones Contempor\u00e1neas de Rosario) Con el apoyo de: Municipalidad de\u00a0 Sastre [&hellip;]<\/p>\n","protected":false},"author":3,"featured_media":0,"comment_status":"open","ping_status":"open","sticky":false,"template":"","format":"standard","meta":{"_jetpack_memberships_contains_paid_content":false,"footnotes":"","jetpack_publicize_message":"","jetpack_publicize_feature_enabled":true,"jetpack_social_post_already_shared":false,"jetpack_social_options":{"image_generator_settings":{"template":"highway","enabled":false}}},"categories":[1],"tags":[],"jetpack_publicize_connections":[],"jetpack_sharing_enabled":true,"jetpack_featured_media_url":"","_links":{"self":[{"href":"http:\/\/enteculturalsantafesino.com.ar\/usina1\/wp-json\/wp\/v2\/posts\/3529"}],"collection":[{"href":"http:\/\/enteculturalsantafesino.com.ar\/usina1\/wp-json\/wp\/v2\/posts"}],"about":[{"href":"http:\/\/enteculturalsantafesino.com.ar\/usina1\/wp-json\/wp\/v2\/types\/post"}],"author":[{"embeddable":true,"href":"http:\/\/enteculturalsantafesino.com.ar\/usina1\/wp-json\/wp\/v2\/users\/3"}],"replies":[{"embeddable":true,"href":"http:\/\/enteculturalsantafesino.com.ar\/usina1\/wp-json\/wp\/v2\/comments?post=3529"}],"version-history":[{"count":0,"href":"http:\/\/enteculturalsantafesino.com.ar\/usina1\/wp-json\/wp\/v2\/posts\/3529\/revisions"}],"wp:attachment":[{"href":"http:\/\/enteculturalsantafesino.com.ar\/usina1\/wp-json\/wp\/v2\/media?parent=3529"}],"wp:term":[{"taxonomy":"category","embeddable":true,"href":"http:\/\/enteculturalsantafesino.com.ar\/usina1\/wp-json\/wp\/v2\/categories?post=3529"},{"taxonomy":"post_tag","embeddable":true,"href":"http:\/\/enteculturalsantafesino.com.ar\/usina1\/wp-json\/wp\/v2\/tags?post=3529"}],"curies":[{"name":"wp","href":"https:\/\/api.w.org\/{rel}","templated":true}]}}