{"id":3534,"date":"2012-06-05T23:53:10","date_gmt":"2012-06-05T23:53:10","guid":{"rendered":"http:\/\/entecultura.com.ar\/noticias\/?p=3534"},"modified":"2012-06-05T23:53:10","modified_gmt":"2012-06-05T23:53:10","slug":"bouquet-festejos-dia-de-los-jardines","status":"publish","type":"post","link":"http:\/\/enteculturalsantafesino.com.ar\/usina1\/2012\/06\/bouquet-festejos-dia-de-los-jardines\/","title":{"rendered":"BOUQUET: FESTEJOS D\u00cdA DE LOS JARDINES"},"content":{"rendered":"<div>Se festej\u00f3 en la plaza, el D\u00eda de los Jardines, con la Salita de 4, Salita de 5 <a href=\"http:\/\/enteculturalsantafesino.com.ar\/noticias\/wp-content\/uploads\/2012\/06\/jardines-bouquet-1.jpg\" rel=\"lightbox[3534]\"><img loading=\"lazy\" decoding=\"async\" class=\"alignright size-medium wp-image-3535\" title=\"jardines bouquet 1\" src=\"http:\/\/enteculturalsantafesino.com.ar\/noticias\/wp-content\/uploads\/2012\/06\/jardines-bouquet-1-300x225.jpg\" alt=\"\" width=\"300\" height=\"225\" srcset=\"http:\/\/enteculturalsantafesino.com.ar\/usina1\/wp-content\/uploads\/2012\/06\/jardines-bouquet-1-300x225.jpg 300w, http:\/\/enteculturalsantafesino.com.ar\/usina1\/wp-content\/uploads\/2012\/06\/jardines-bouquet-1.jpg 960w\" sizes=\"(max-width: 300px) 100vw, 300px\" \/><\/a><\/div>\n<div>y Jard\u00edn Conej\u00edn. Se cont\u00f3 con la participaci\u00f3n del Prof. Ramiro Lezcano y Gloria Scotucci, que deleitaron a los peque\u00f1os con canciones infantiles; hasta que ll&#8230;eg\u00f3 la gran sorpresa, \u00a1el payaso!, que apareci\u00f3 en su bici ruidosa y llena de globos multicolores; hizo bailar y re\u00edr a los ni\u00f1os y le dio un toque de ternura a la tarde. Este evento, realizado por la Secretar\u00eda de Cultura, conjuntamente con la Escuela Primaria N\u00ba 6207, cont\u00f3 con la presencia de varias mam\u00e1s que dijeron presente en un d\u00eda soleado y acompa\u00f1aron a los peques y docentes en su d\u00eda.<\/div>\n","protected":false},"excerpt":{"rendered":"<p>Se festej\u00f3 en la plaza, el D\u00eda de los Jardines, con la Salita de 4, Salita de [&hellip;]<\/p>\n","protected":false},"author":3,"featured_media":0,"comment_status":"open","ping_status":"open","sticky":false,"template":"","format":"standard","meta":{"_jetpack_memberships_contains_paid_content":false,"footnotes":"","jetpack_publicize_message":"","jetpack_publicize_feature_enabled":true,"jetpack_social_post_already_shared":false,"jetpack_social_options":{"image_generator_settings":{"template":"highway","enabled":false}}},"categories":[25],"tags":[],"jetpack_publicize_connections":[],"jetpack_sharing_enabled":true,"jetpack_featured_media_url":"","_links":{"self":[{"href":"http:\/\/enteculturalsantafesino.com.ar\/usina1\/wp-json\/wp\/v2\/posts\/3534"}],"collection":[{"href":"http:\/\/enteculturalsantafesino.com.ar\/usina1\/wp-json\/wp\/v2\/posts"}],"about":[{"href":"http:\/\/enteculturalsantafesino.com.ar\/usina1\/wp-json\/wp\/v2\/types\/post"}],"author":[{"embeddable":true,"href":"http:\/\/enteculturalsantafesino.com.ar\/usina1\/wp-json\/wp\/v2\/users\/3"}],"replies":[{"embeddable":true,"href":"http:\/\/enteculturalsantafesino.com.ar\/usina1\/wp-json\/wp\/v2\/comments?post=3534"}],"version-history":[{"count":0,"href":"http:\/\/enteculturalsantafesino.com.ar\/usina1\/wp-json\/wp\/v2\/posts\/3534\/revisions"}],"wp:attachment":[{"href":"http:\/\/enteculturalsantafesino.com.ar\/usina1\/wp-json\/wp\/v2\/media?parent=3534"}],"wp:term":[{"taxonomy":"category","embeddable":true,"href":"http:\/\/enteculturalsantafesino.com.ar\/usina1\/wp-json\/wp\/v2\/categories?post=3534"},{"taxonomy":"post_tag","embeddable":true,"href":"http:\/\/enteculturalsantafesino.com.ar\/usina1\/wp-json\/wp\/v2\/tags?post=3534"}],"curies":[{"name":"wp","href":"https:\/\/api.w.org\/{rel}","templated":true}]}}