{"id":3549,"date":"2012-06-06T13:17:52","date_gmt":"2012-06-06T13:17:52","guid":{"rendered":"http:\/\/entecultura.com.ar\/noticias\/?p=3549"},"modified":"2012-06-06T13:17:52","modified_gmt":"2012-06-06T13:17:52","slug":"canada-de-gomezescuelas-primarias-visitaron-la-presa-retardadora","status":"publish","type":"post","link":"http:\/\/enteculturalsantafesino.com.ar\/usina1\/2012\/06\/canada-de-gomezescuelas-primarias-visitaron-la-presa-retardadora\/","title":{"rendered":"CA\u00d1ADA DE G\u00d3MEZ:ESCUELAS PRIMARIAS VISITARON LA PRESA RETARDADORA"},"content":{"rendered":"<p>En la tarde del pasado martes comenzaron las visitas de los alumnos de<a href=\"http:\/\/enteculturalsantafesino.com.ar\/noticias\/wp-content\/uploads\/2012\/06\/mozzoni.png\" rel=\"lightbox[3549]\"><img loading=\"lazy\" decoding=\"async\" class=\"alignright size-medium wp-image-3550\" title=\"mozzoni\" src=\"http:\/\/enteculturalsantafesino.com.ar\/noticias\/wp-content\/uploads\/2012\/06\/mozzoni-300x199.png\" alt=\"\" width=\"300\" height=\"199\" srcset=\"http:\/\/enteculturalsantafesino.com.ar\/usina1\/wp-content\/uploads\/2012\/06\/mozzoni-300x199.png 300w, http:\/\/enteculturalsantafesino.com.ar\/usina1\/wp-content\/uploads\/2012\/06\/mozzoni.png 494w\" sizes=\"(max-width: 300px) 100vw, 300px\" \/><\/a><\/p>\n<p>las escuelas ca\u00f1adenses a la obra de la presa del arroyo, acompa\u00f1ados por la secretaria de Gobierno, Carina Mozzoni, la subsecretaria de Cultura, Raquel Di Paola, y la ingeniera Anal\u00eda de Gasperi, quien supervisa las obras que se est\u00e1n ejecutando.<\/p>\n<p>El objetivo de la propuesta es que todas las escuelas visiten los trabajos en la presa retardadora, para conocer una de las obras m\u00e1s emblem\u00e1ticas de la ciudad.<\/p>\n<p>Carina Mozzoni destac\u00f3 este viaje \u201ccomo una actividad curricular m\u00e1s, que permita conocer las obras que representan a los ca\u00f1adenses y acercar m\u00e1s a los chicos a la realidad de la ciudad\u201d.<\/p>\n","protected":false},"excerpt":{"rendered":"<p>En la tarde del pasado martes comenzaron las visitas de los alumnos de las escuelas ca\u00f1adenses a [&hellip;]<\/p>\n","protected":false},"author":3,"featured_media":0,"comment_status":"open","ping_status":"open","sticky":false,"template":"","format":"standard","meta":{"_jetpack_memberships_contains_paid_content":false,"footnotes":"","jetpack_publicize_message":"","jetpack_publicize_feature_enabled":true,"jetpack_social_post_already_shared":false,"jetpack_social_options":{"image_generator_settings":{"template":"highway","enabled":false}}},"categories":[11,1],"tags":[],"jetpack_publicize_connections":[],"jetpack_sharing_enabled":true,"jetpack_featured_media_url":"","_links":{"self":[{"href":"http:\/\/enteculturalsantafesino.com.ar\/usina1\/wp-json\/wp\/v2\/posts\/3549"}],"collection":[{"href":"http:\/\/enteculturalsantafesino.com.ar\/usina1\/wp-json\/wp\/v2\/posts"}],"about":[{"href":"http:\/\/enteculturalsantafesino.com.ar\/usina1\/wp-json\/wp\/v2\/types\/post"}],"author":[{"embeddable":true,"href":"http:\/\/enteculturalsantafesino.com.ar\/usina1\/wp-json\/wp\/v2\/users\/3"}],"replies":[{"embeddable":true,"href":"http:\/\/enteculturalsantafesino.com.ar\/usina1\/wp-json\/wp\/v2\/comments?post=3549"}],"version-history":[{"count":0,"href":"http:\/\/enteculturalsantafesino.com.ar\/usina1\/wp-json\/wp\/v2\/posts\/3549\/revisions"}],"wp:attachment":[{"href":"http:\/\/enteculturalsantafesino.com.ar\/usina1\/wp-json\/wp\/v2\/media?parent=3549"}],"wp:term":[{"taxonomy":"category","embeddable":true,"href":"http:\/\/enteculturalsantafesino.com.ar\/usina1\/wp-json\/wp\/v2\/categories?post=3549"},{"taxonomy":"post_tag","embeddable":true,"href":"http:\/\/enteculturalsantafesino.com.ar\/usina1\/wp-json\/wp\/v2\/tags?post=3549"}],"curies":[{"name":"wp","href":"https:\/\/api.w.org\/{rel}","templated":true}]}}