{"id":3553,"date":"2012-06-06T13:21:59","date_gmt":"2012-06-06T13:21:59","guid":{"rendered":"http:\/\/entecultura.com.ar\/noticias\/?p=3553"},"modified":"2012-06-06T13:21:59","modified_gmt":"2012-06-06T13:21:59","slug":"el-trebol-celebraciones-durante-la-semana-de-los-jardines","status":"publish","type":"post","link":"http:\/\/enteculturalsantafesino.com.ar\/usina1\/2012\/06\/el-trebol-celebraciones-durante-la-semana-de-los-jardines\/","title":{"rendered":"EL TR\u00c9BOL: CELEBRACIONES DURANTE LA SEMANA DE LOS JARDINES"},"content":{"rendered":"<p>Durante el viernes 1 de junio y el lunes 4 se llevaron a cabo Las Jornadas <a href=\"http:\/\/enteculturalsantafesino.com.ar\/noticias\/wp-content\/uploads\/2012\/06\/JARDINES-EN-ELTREBOL.jpg\" rel=\"lightbox[3553]\"><img loading=\"lazy\" decoding=\"async\" class=\"alignright size-medium wp-image-3554\" title=\"JARDINES EN ELTREBOL\" src=\"http:\/\/enteculturalsantafesino.com.ar\/noticias\/wp-content\/uploads\/2012\/06\/JARDINES-EN-ELTREBOL-300x225.jpg\" alt=\"\" width=\"300\" height=\"225\" srcset=\"http:\/\/enteculturalsantafesino.com.ar\/usina1\/wp-content\/uploads\/2012\/06\/JARDINES-EN-ELTREBOL-300x225.jpg 300w, http:\/\/enteculturalsantafesino.com.ar\/usina1\/wp-content\/uploads\/2012\/06\/JARDINES-EN-ELTREBOL.jpg 960w\" sizes=\"(max-width: 300px) 100vw, 300px\" \/><\/a><\/p>\n<p>recreativas en el Jard\u00edn de Infantes \u00abDulce de leche\u00bb con motivo de la Semana de los Jardines, organizadas desde el \u00c1rea de Deportes de la Direcci\u00f3n de Educaci\u00f3n y Cultura municipal.<\/p>\n","protected":false},"excerpt":{"rendered":"<p>Durante el viernes 1 de junio y el lunes 4 se llevaron a cabo Las Jornadas recreativas [&hellip;]<\/p>\n","protected":false},"author":3,"featured_media":0,"comment_status":"open","ping_status":"open","sticky":false,"template":"","format":"standard","meta":{"_jetpack_memberships_contains_paid_content":false,"footnotes":"","jetpack_publicize_message":"","jetpack_publicize_feature_enabled":true,"jetpack_social_post_already_shared":false,"jetpack_social_options":{"image_generator_settings":{"template":"highway","enabled":false}}},"categories":[4],"tags":[],"jetpack_publicize_connections":[],"jetpack_sharing_enabled":true,"jetpack_featured_media_url":"","_links":{"self":[{"href":"http:\/\/enteculturalsantafesino.com.ar\/usina1\/wp-json\/wp\/v2\/posts\/3553"}],"collection":[{"href":"http:\/\/enteculturalsantafesino.com.ar\/usina1\/wp-json\/wp\/v2\/posts"}],"about":[{"href":"http:\/\/enteculturalsantafesino.com.ar\/usina1\/wp-json\/wp\/v2\/types\/post"}],"author":[{"embeddable":true,"href":"http:\/\/enteculturalsantafesino.com.ar\/usina1\/wp-json\/wp\/v2\/users\/3"}],"replies":[{"embeddable":true,"href":"http:\/\/enteculturalsantafesino.com.ar\/usina1\/wp-json\/wp\/v2\/comments?post=3553"}],"version-history":[{"count":0,"href":"http:\/\/enteculturalsantafesino.com.ar\/usina1\/wp-json\/wp\/v2\/posts\/3553\/revisions"}],"wp:attachment":[{"href":"http:\/\/enteculturalsantafesino.com.ar\/usina1\/wp-json\/wp\/v2\/media?parent=3553"}],"wp:term":[{"taxonomy":"category","embeddable":true,"href":"http:\/\/enteculturalsantafesino.com.ar\/usina1\/wp-json\/wp\/v2\/categories?post=3553"},{"taxonomy":"post_tag","embeddable":true,"href":"http:\/\/enteculturalsantafesino.com.ar\/usina1\/wp-json\/wp\/v2\/tags?post=3553"}],"curies":[{"name":"wp","href":"https:\/\/api.w.org\/{rel}","templated":true}]}}