{"id":3557,"date":"2012-06-06T13:38:12","date_gmt":"2012-06-06T13:38:12","guid":{"rendered":"http:\/\/entecultura.com.ar\/noticias\/?p=3557"},"modified":"2012-06-06T13:38:35","modified_gmt":"2012-06-06T13:38:35","slug":"el-trebol-amanda-ajeet-capacitara-en-la-ciudad","status":"publish","type":"post","link":"http:\/\/enteculturalsantafesino.com.ar\/usina1\/2012\/06\/el-trebol-amanda-ajeet-capacitara-en-la-ciudad\/","title":{"rendered":"EL TR\u00c9BOL: AMANDA AJEET CAPACITAR\u00c1 EN LA CIUDAD."},"content":{"rendered":"<div>\u00a0La reconocida Gpong coach, concertista y <a href=\"http:\/\/enteculturalsantafesino.com.ar\/noticias\/wp-content\/uploads\/2012\/06\/amanda-ajet.jpg\" rel=\"lightbox[3557]\"><img loading=\"lazy\" decoding=\"async\" class=\"alignright size-medium wp-image-3558\" title=\"amanda ajet\" src=\"http:\/\/enteculturalsantafesino.com.ar\/noticias\/wp-content\/uploads\/2012\/06\/amanda-ajet-300x224.jpg\" alt=\"\" width=\"300\" height=\"224\" srcset=\"http:\/\/enteculturalsantafesino.com.ar\/usina1\/wp-content\/uploads\/2012\/06\/amanda-ajet-300x224.jpg 300w, http:\/\/enteculturalsantafesino.com.ar\/usina1\/wp-content\/uploads\/2012\/06\/amanda-ajet.jpg 604w\" sizes=\"(max-width: 300px) 100vw, 300px\" \/><\/a><\/div>\n<div>Terapeuta de sonido estar\u00e1 en nuestra ciudad el viernes 15 y s\u00e1bado 16 de junio en el Sal\u00f3n Social de Club Atl\u00e9tico El Expreso. Cronograma de actividades: VIERNES 15\/6: 9 a 11 hs. Taller terap\u00e9utico para ni\u00f1os con discapacidad. De 14 a 17 hs: Taller terap\u00e9utico para adultos con discapacidad. Estos talleres son gratuitos. S\u00c1BADO 16\/&#8230;6: Talleres terap\u00e9uticos: Por la ma\u00f1ana: 9 a 12 hs. Por la tarde: 14 a 17 hs. 20 HS: CONCIERTO TERAP\u00c9UTICO DE GONG. Para inscripci\u00f3n y pago dirigirse a la Oficina de Discapacidad en el Centro C\u00edvico en horario de ma\u00f1ana. ORGANIZAN e INVITAN: \u00c1rea de Discapacidad de la Direcci\u00f3n de Educaci\u00f3n y Cultura municipal y Bilioteca Popular \u00abDomingo P\u00edccolo<\/div>\n<div id=\"fbPhotoSnowliftTagList\"><\/div>\n<div id=\"fbPhotoSnowliftPagesTagList\"><\/div>\n<div id=\"fbPhotoSnowliftLegacyTagList\"><\/div>\n","protected":false},"excerpt":{"rendered":"<p>\u00a0La reconocida Gpong coach, concertista y Terapeuta de sonido estar\u00e1 en nuestra ciudad el viernes 15 y [&hellip;]<\/p>\n","protected":false},"author":3,"featured_media":0,"comment_status":"open","ping_status":"open","sticky":false,"template":"","format":"standard","meta":{"_jetpack_memberships_contains_paid_content":false,"footnotes":"","jetpack_publicize_message":"","jetpack_publicize_feature_enabled":true,"jetpack_social_post_already_shared":false,"jetpack_social_options":{"image_generator_settings":{"template":"highway","enabled":false}}},"categories":[4],"tags":[],"jetpack_publicize_connections":[],"jetpack_sharing_enabled":true,"jetpack_featured_media_url":"","_links":{"self":[{"href":"http:\/\/enteculturalsantafesino.com.ar\/usina1\/wp-json\/wp\/v2\/posts\/3557"}],"collection":[{"href":"http:\/\/enteculturalsantafesino.com.ar\/usina1\/wp-json\/wp\/v2\/posts"}],"about":[{"href":"http:\/\/enteculturalsantafesino.com.ar\/usina1\/wp-json\/wp\/v2\/types\/post"}],"author":[{"embeddable":true,"href":"http:\/\/enteculturalsantafesino.com.ar\/usina1\/wp-json\/wp\/v2\/users\/3"}],"replies":[{"embeddable":true,"href":"http:\/\/enteculturalsantafesino.com.ar\/usina1\/wp-json\/wp\/v2\/comments?post=3557"}],"version-history":[{"count":0,"href":"http:\/\/enteculturalsantafesino.com.ar\/usina1\/wp-json\/wp\/v2\/posts\/3557\/revisions"}],"wp:attachment":[{"href":"http:\/\/enteculturalsantafesino.com.ar\/usina1\/wp-json\/wp\/v2\/media?parent=3557"}],"wp:term":[{"taxonomy":"category","embeddable":true,"href":"http:\/\/enteculturalsantafesino.com.ar\/usina1\/wp-json\/wp\/v2\/categories?post=3557"},{"taxonomy":"post_tag","embeddable":true,"href":"http:\/\/enteculturalsantafesino.com.ar\/usina1\/wp-json\/wp\/v2\/tags?post=3557"}],"curies":[{"name":"wp","href":"https:\/\/api.w.org\/{rel}","templated":true}]}}