{"id":3562,"date":"2012-06-06T14:01:41","date_gmt":"2012-06-06T14:01:41","guid":{"rendered":"http:\/\/entecultura.com.ar\/noticias\/?p=3562"},"modified":"2012-06-06T14:01:41","modified_gmt":"2012-06-06T14:01:41","slug":"canada-de-gomez-como-agua-para-chocolate-en-la-casa-del-bicentenario","status":"publish","type":"post","link":"http:\/\/enteculturalsantafesino.com.ar\/usina1\/2012\/06\/canada-de-gomez-como-agua-para-chocolate-en-la-casa-del-bicentenario\/","title":{"rendered":"CA\u00d1ADA DE G\u00d3MEZ: \u00abCOMO AGUA PARA CHOCOLATE\u00bb EN LA CASA DEL BICENTENARIO"},"content":{"rendered":"<p>Mi\u00e9rcoles de Cine de Grandes Directores en la Casa del Bicentenario. <a href=\"http:\/\/enteculturalsantafesino.com.ar\/noticias\/wp-content\/uploads\/2012\/06\/COMO-AGUA-PARA-CHOCOLATE1.jpg\" rel=\"lightbox[3562]\"><img loading=\"lazy\" decoding=\"async\" class=\"alignright size-medium wp-image-3564\" title=\"COMO AGUA PARA CHOCOLATE\" src=\"http:\/\/enteculturalsantafesino.com.ar\/noticias\/wp-content\/uploads\/2012\/06\/COMO-AGUA-PARA-CHOCOLATE1-300x224.jpg\" alt=\"\" width=\"300\" height=\"224\" srcset=\"http:\/\/enteculturalsantafesino.com.ar\/usina1\/wp-content\/uploads\/2012\/06\/COMO-AGUA-PARA-CHOCOLATE1-300x224.jpg 300w, http:\/\/enteculturalsantafesino.com.ar\/usina1\/wp-content\/uploads\/2012\/06\/COMO-AGUA-PARA-CHOCOLATE1.jpg 320w\" sizes=\"(max-width: 300px) 100vw, 300px\" \/><\/a><\/p>\n<p>En esta oportunidad se proyectar\u00e1 el film Como Agua para Chocolate dirigida por Alfonso Arau.<\/p>\n<p>Historia de amor y gastronom\u00eda ambientada en M\u00e9xico a principios del siglo XX. Dos j\u00f3venes locamente enamorados, Tita (Lumi Cavazos) y Pedro (Marco Leonardi), tienen que renunciar a su amor porque Mam\u00e1 Elena (Regina Torne) decide que Tita, por ser la menor de sus hijas, debe quedarse soltera para cuidarla en su vejez. Entre los olores y sabores de la cocina tradicional mexicana, Tita sufrir\u00e1 durante muchos a\u00f1os por un amor que perdurar\u00e1 m\u00e1s all\u00e1 del tiempo.<\/p>\n<p>Mi\u00e9rcoles 6 de junio, a las 21 horas, Casa del Bicentenario. Entrada libre y gratuita.<\/p>\n","protected":false},"excerpt":{"rendered":"<p>Mi\u00e9rcoles de Cine de Grandes Directores en la Casa del Bicentenario. En esta oportunidad se proyectar\u00e1 el [&hellip;]<\/p>\n","protected":false},"author":3,"featured_media":0,"comment_status":"open","ping_status":"open","sticky":false,"template":"","format":"standard","meta":{"_jetpack_memberships_contains_paid_content":false,"footnotes":"","jetpack_publicize_message":"","jetpack_publicize_feature_enabled":true,"jetpack_social_post_already_shared":false,"jetpack_social_options":{"image_generator_settings":{"template":"highway","enabled":false}}},"categories":[11,4],"tags":[],"jetpack_publicize_connections":[],"jetpack_sharing_enabled":true,"jetpack_featured_media_url":"","_links":{"self":[{"href":"http:\/\/enteculturalsantafesino.com.ar\/usina1\/wp-json\/wp\/v2\/posts\/3562"}],"collection":[{"href":"http:\/\/enteculturalsantafesino.com.ar\/usina1\/wp-json\/wp\/v2\/posts"}],"about":[{"href":"http:\/\/enteculturalsantafesino.com.ar\/usina1\/wp-json\/wp\/v2\/types\/post"}],"author":[{"embeddable":true,"href":"http:\/\/enteculturalsantafesino.com.ar\/usina1\/wp-json\/wp\/v2\/users\/3"}],"replies":[{"embeddable":true,"href":"http:\/\/enteculturalsantafesino.com.ar\/usina1\/wp-json\/wp\/v2\/comments?post=3562"}],"version-history":[{"count":0,"href":"http:\/\/enteculturalsantafesino.com.ar\/usina1\/wp-json\/wp\/v2\/posts\/3562\/revisions"}],"wp:attachment":[{"href":"http:\/\/enteculturalsantafesino.com.ar\/usina1\/wp-json\/wp\/v2\/media?parent=3562"}],"wp:term":[{"taxonomy":"category","embeddable":true,"href":"http:\/\/enteculturalsantafesino.com.ar\/usina1\/wp-json\/wp\/v2\/categories?post=3562"},{"taxonomy":"post_tag","embeddable":true,"href":"http:\/\/enteculturalsantafesino.com.ar\/usina1\/wp-json\/wp\/v2\/tags?post=3562"}],"curies":[{"name":"wp","href":"https:\/\/api.w.org\/{rel}","templated":true}]}}