{"id":3567,"date":"2012-06-06T14:40:42","date_gmt":"2012-06-06T14:40:42","guid":{"rendered":"http:\/\/entecultura.com.ar\/noticias\/?p=3567"},"modified":"2012-06-06T14:40:42","modified_gmt":"2012-06-06T14:40:42","slug":"forma-y-color-sumate-a-la-ruta-de-la-cultura","status":"publish","type":"post","link":"http:\/\/enteculturalsantafesino.com.ar\/usina1\/2012\/06\/forma-y-color-sumate-a-la-ruta-de-la-cultura\/","title":{"rendered":"\u00abFORMA Y COLOR\u00bb SUMATE A LA RUTA DE LA CULTURA"},"content":{"rendered":"<p><span style=\"font-family: Arial; font-size: x-small;\">El Ente Regional de Cultura convoca a todos los Artistas Pl\u00e1sticos de las comunidades<a href=\"http:\/\/enteculturalsantafesino.com.ar\/noticias\/wp-content\/uploads\/2012\/06\/forma-y-color-eee.png\" rel=\"lightbox[3567]\"><img loading=\"lazy\" decoding=\"async\" class=\"alignright size-medium wp-image-3568\" title=\"forma y color eee\" src=\"http:\/\/enteculturalsantafesino.com.ar\/noticias\/wp-content\/uploads\/2012\/06\/forma-y-color-eee-300x70.png\" alt=\"\" width=\"300\" height=\"70\" srcset=\"http:\/\/enteculturalsantafesino.com.ar\/usina1\/wp-content\/uploads\/2012\/06\/forma-y-color-eee-300x70.png 300w, http:\/\/enteculturalsantafesino.com.ar\/usina1\/wp-content\/uploads\/2012\/06\/forma-y-color-eee.png 420w\" sizes=\"(max-width: 300px) 100vw, 300px\" \/><\/a><\/span><\/p>\n<p><span style=\"font-family: Arial; font-size: x-small;\">\u00a0que conforman dicha Asociaci\u00f3n Cultural a sumarse al nuevo Programa Cultural denominado <strong>\u00abForma y Color 2012\u00bb<\/strong> el cual posee como finalidad organizar m\u00faltiples y diversas muestras de Artistas Pl\u00e1sticos, los cuales expodr\u00e1n sus trabajos en las diversas jornadas\u00a0programadas dentro del <strong>Cabildo Cultural Santafesino<\/strong> ; originando un espacio de interacci\u00f3n entre\u00a0 distintas personalidades(artistas),\u00a0t\u00e9cnicas,\u00a0y habitantes de nuestra regi\u00f3n.\u00a0<strong>SUMATE A LA RUTA CULTURAL<\/strong>. <em><a href=\"http:\/\/www.enteculturalsantafesino.com.ar\">www.enteculturalsantafesino.com.ar<\/a><\/em><\/span><\/p>\n<p><span style=\"font-family: Arial; font-size: x-small;\"><strong>Bases del Encuentro (Cabildo Cultural Santafesino-27 de agosto al 2 de septiembre). <\/strong><\/span><\/p>\n<p align=\"left\"><span style=\"font-family: Arial; font-size: x-small;\">Art. 1 ?El Ente Regional de Cultura y su departamento de Pl\u00e1stica a cargo de la Secretaria de Cultura de la Municipalidad de Sastre-Ortiz <em>Guillermina Milocco<\/em>, convocan al\u00a0 encuentro regional de artistas pl\u00e1sticos denominado <strong>\u201cForma y Color\u201d<\/strong>, cuya inscripci\u00f3n previa deber\u00e1 realizarse por correo electr\u00f3nico (<a href=\"mailto:contacto@enteculturalsantafesino.com.ar\/liceo92@hotmail.com\">contacto@enteculturalsantafesino.com.ar\/liceo92@hotmail.com<\/a>) completando el formulario adjunto al final del documento. Junto a dicho formulario deber\u00e1n enviarse fotos de las obras a exponer, las cuales pasar\u00e1n a formar parte de la galer\u00eda art\u00edstica virtual de la p\u00e1gina del Ente Regional de Cultura.<\/span><\/p>\n<p align=\"left\"><span style=\"font-family: Arial; font-size: x-small;\">Art. 2 \u2013El encuentro se realizar\u00e1 desde el 27 de agosto al 2 de septiembre durante el desarrollo del Cabildo Cultural Santafesino en la regi\u00f3n santafesina que conforma el Ente Regional de Cultura.<\/span><\/p>\n<p align=\"left\"><span style=\"font-family: Arial; font-size: x-small;\">Art. 3 \u2013 La fecha l\u00edmite para realizar las inscripciones y entregar las obras es al Jueves 16 de Agosto inclusive.<\/span><\/p>\n<p align=\"left\"><span style=\"font-family: Arial; font-size: x-small;\">Art. 4 \u2013 Podr\u00e1n participar todos los artistas nacionales y extranjeros\u00a0 (profesionales o aficionados) sin l\u00edmite de edad.<\/span><\/p>\n<p align=\"left\"><span style=\"font-family: Arial; font-size: x-small;\">Art. 5 \u2013 La t\u00e9cnica propuesta es dibujo y\/o pintura y el tema\u00a0 es libre, el soporte no podr\u00e1 superar un m\u00e1ximo de 80 cm. y un m\u00ednimo de 50 cm.<\/span><\/p>\n<p align=\"left\"><span style=\"font-family: Arial; font-size: x-small;\"> Art. 6 \u2013Cada Comuna o Municipio recibir\u00e1 hasta un m\u00e1ximo de 10 obras en total, las cuales deber\u00e1n estar\u00a0 preparadas para ser colgadas.<\/span><\/p>\n<p align=\"left\"><span style=\"font-family: Arial; font-size: x-small;\">Art. 7 \u2013 La recepci\u00f3n de las obras ser\u00e1 en las diversas Secretar\u00edas de Cultura de la localidad perteneciente al Artista Pl\u00e1stico participante. <\/span><\/p>\n<p align=\"left\"><span style=\"font-family: Arial; font-size: x-small;\">Art. 8 \u2013 Las obras deber\u00e1n ser presentadas debidamente embaladas y rotuladas con nombre y apellido del artista y t\u00edtulo de la obra, para as\u00ed ser expuesta en alguna de las localidades mencionadas en el art\u00edculo anterior.<\/span><\/p>\n<p align=\"left\"><span style=\"font-family: Arial; font-size: x-small;\">Art. 9 \u2013 A partir del 22 de Agosto los artistas ser\u00e1n informados sobre el cronograma de exposiciones.<\/span><\/p>\n<p align=\"left\"><span style=\"font-family: Arial; font-size: x-small;\">Art. 10 \u2013 Cada pintor podr\u00e1 poner precio a su obra si le interesa la venta de la misma y la transacci\u00f3n producto de esta intenci\u00f3n, correr\u00e1 por exclusiva cuenta del artista, deslig\u00e1ndose el Ente Regional de Cultura de toda responsabilidad.<\/span><\/p>\n<p align=\"left\"><span style=\"font-family: Arial; font-size: x-small;\">Art. 11 \u2013 El Ente Regional de Cultura no se responsabiliza por eventuales da\u00f1os o extrav\u00edos.<\/span><\/p>\n<p align=\"left\"><span style=\"font-family: Arial; font-size: x-small;\">Art. 12 \u2013 La participaci\u00f3n en el encuentro implica el conocimiento y aceptaci\u00f3n de ese reglamento y se deja constancia que todo aquello que no est\u00e9 previsto en el presente ser\u00e1 resuelto por el Ente Regional de Cultura.-<\/span><\/p>\n<p align=\"left\">\n","protected":false},"excerpt":{"rendered":"<p>El Ente Regional de Cultura convoca a todos los Artistas Pl\u00e1sticos de las comunidades \u00a0que conforman dicha [&hellip;]<\/p>\n","protected":false},"author":3,"featured_media":0,"comment_status":"open","ping_status":"open","sticky":false,"template":"","format":"standard","meta":{"_jetpack_memberships_contains_paid_content":false,"footnotes":"","jetpack_publicize_message":"","jetpack_publicize_feature_enabled":true,"jetpack_social_post_already_shared":false,"jetpack_social_options":{"image_generator_settings":{"template":"highway","enabled":false}}},"categories":[1],"tags":[],"jetpack_publicize_connections":[],"jetpack_sharing_enabled":true,"jetpack_featured_media_url":"","_links":{"self":[{"href":"http:\/\/enteculturalsantafesino.com.ar\/usina1\/wp-json\/wp\/v2\/posts\/3567"}],"collection":[{"href":"http:\/\/enteculturalsantafesino.com.ar\/usina1\/wp-json\/wp\/v2\/posts"}],"about":[{"href":"http:\/\/enteculturalsantafesino.com.ar\/usina1\/wp-json\/wp\/v2\/types\/post"}],"author":[{"embeddable":true,"href":"http:\/\/enteculturalsantafesino.com.ar\/usina1\/wp-json\/wp\/v2\/users\/3"}],"replies":[{"embeddable":true,"href":"http:\/\/enteculturalsantafesino.com.ar\/usina1\/wp-json\/wp\/v2\/comments?post=3567"}],"version-history":[{"count":0,"href":"http:\/\/enteculturalsantafesino.com.ar\/usina1\/wp-json\/wp\/v2\/posts\/3567\/revisions"}],"wp:attachment":[{"href":"http:\/\/enteculturalsantafesino.com.ar\/usina1\/wp-json\/wp\/v2\/media?parent=3567"}],"wp:term":[{"taxonomy":"category","embeddable":true,"href":"http:\/\/enteculturalsantafesino.com.ar\/usina1\/wp-json\/wp\/v2\/categories?post=3567"},{"taxonomy":"post_tag","embeddable":true,"href":"http:\/\/enteculturalsantafesino.com.ar\/usina1\/wp-json\/wp\/v2\/tags?post=3567"}],"curies":[{"name":"wp","href":"https:\/\/api.w.org\/{rel}","templated":true}]}}