{"id":3571,"date":"2012-06-07T13:13:21","date_gmt":"2012-06-07T13:13:21","guid":{"rendered":"http:\/\/entecultura.com.ar\/noticias\/?p=3571"},"modified":"2012-06-07T13:13:21","modified_gmt":"2012-06-07T13:13:21","slug":"canada-de-gomez-muestra-por-el-bicentenario-de-la-creacion-de-la-bandera","status":"publish","type":"post","link":"http:\/\/enteculturalsantafesino.com.ar\/usina1\/2012\/06\/canada-de-gomez-muestra-por-el-bicentenario-de-la-creacion-de-la-bandera\/","title":{"rendered":"CA\u00d1ADA DE G\u00d3MEZ: Muestra por el bicentenario de la creaci\u00f3n de la Bandera"},"content":{"rendered":"<table width=\"475\" border=\"0\" bgcolor=\"#ffffff\">\n<tbody>\n<tr>\n<td align=\"left\"><strong>Proveniente de Curuz\u00fa Cuati\u00e1,<a href=\"http:\/\/enteculturalsantafesino.com.ar\/noticias\/wp-content\/uploads\/2012\/06\/BANDERA.png\" rel=\"lightbox[3571]\"><img loading=\"lazy\" decoding=\"async\" class=\"alignright size-full wp-image-3572\" title=\"BANDERA\" src=\"http:\/\/enteculturalsantafesino.com.ar\/noticias\/wp-content\/uploads\/2012\/06\/BANDERA.png\" alt=\"\" width=\"275\" height=\"183\" \/><\/a><\/strong><\/p>\n<p><strong>\u00a0llega la muestra colectiva<\/strong><\/p>\n<p><strong>\u00a0itinerante\u00a0 \u201cBicentenario de la Bandera Nacional\u201d, dando comienzo a las 19 del domingo, en Casa del Bicentenario.<\/strong><\/td>\n<\/tr>\n<tr>\n<td id=\"cuerpo\" align=\"left\">\u00a0La municipalidad de Ca\u00f1ada de G\u00f3mez invita a la muestra colectiva itinerante proveniente de Curuz\u00fa Cuati\u00e1, \u201cBicentenario de la Bandera Nacional\u201d que se comenzar\u00e1 este domingo 10 de junio a las 19 hs en Casa del Bicentenario.<\/td>\n<\/tr>\n<\/tbody>\n<\/table>\n","protected":false},"excerpt":{"rendered":"<p>Proveniente de Curuz\u00fa Cuati\u00e1, \u00a0llega la muestra colectiva \u00a0itinerante\u00a0 \u201cBicentenario de la Bandera Nacional\u201d, dando comienzo a [&hellip;]<\/p>\n","protected":false},"author":3,"featured_media":0,"comment_status":"open","ping_status":"open","sticky":false,"template":"","format":"standard","meta":{"_jetpack_memberships_contains_paid_content":false,"footnotes":"","jetpack_publicize_message":"","jetpack_publicize_feature_enabled":true,"jetpack_social_post_already_shared":false,"jetpack_social_options":{"image_generator_settings":{"template":"highway","enabled":false}}},"categories":[11,4],"tags":[],"jetpack_publicize_connections":[],"jetpack_sharing_enabled":true,"jetpack_featured_media_url":"","_links":{"self":[{"href":"http:\/\/enteculturalsantafesino.com.ar\/usina1\/wp-json\/wp\/v2\/posts\/3571"}],"collection":[{"href":"http:\/\/enteculturalsantafesino.com.ar\/usina1\/wp-json\/wp\/v2\/posts"}],"about":[{"href":"http:\/\/enteculturalsantafesino.com.ar\/usina1\/wp-json\/wp\/v2\/types\/post"}],"author":[{"embeddable":true,"href":"http:\/\/enteculturalsantafesino.com.ar\/usina1\/wp-json\/wp\/v2\/users\/3"}],"replies":[{"embeddable":true,"href":"http:\/\/enteculturalsantafesino.com.ar\/usina1\/wp-json\/wp\/v2\/comments?post=3571"}],"version-history":[{"count":0,"href":"http:\/\/enteculturalsantafesino.com.ar\/usina1\/wp-json\/wp\/v2\/posts\/3571\/revisions"}],"wp:attachment":[{"href":"http:\/\/enteculturalsantafesino.com.ar\/usina1\/wp-json\/wp\/v2\/media?parent=3571"}],"wp:term":[{"taxonomy":"category","embeddable":true,"href":"http:\/\/enteculturalsantafesino.com.ar\/usina1\/wp-json\/wp\/v2\/categories?post=3571"},{"taxonomy":"post_tag","embeddable":true,"href":"http:\/\/enteculturalsantafesino.com.ar\/usina1\/wp-json\/wp\/v2\/tags?post=3571"}],"curies":[{"name":"wp","href":"https:\/\/api.w.org\/{rel}","templated":true}]}}