{"id":3575,"date":"2012-06-07T13:16:00","date_gmt":"2012-06-07T13:16:00","guid":{"rendered":"http:\/\/entecultura.com.ar\/noticias\/?p=3575"},"modified":"2012-06-07T13:16:00","modified_gmt":"2012-06-07T13:16:00","slug":"carlos-pellegrini-se-proyectara-los-vengadores","status":"publish","type":"post","link":"http:\/\/enteculturalsantafesino.com.ar\/usina1\/2012\/06\/carlos-pellegrini-se-proyectara-los-vengadores\/","title":{"rendered":"CARLOS PELLEGRINI: SE PROYECTAR\u00c1 \u00abLOS VENGADORES\u00bb"},"content":{"rendered":"<p>La pel\u00edcula se proyectar\u00e1 el fin de semana en la sala \u201cSoledad Villamil\u201d.<a href=\"http:\/\/enteculturalsantafesino.com.ar\/noticias\/wp-content\/uploads\/2012\/06\/VENGADORES-PELLEGRINI.jpg\" rel=\"lightbox[3575]\"><img loading=\"lazy\" decoding=\"async\" class=\"alignright size-medium wp-image-3576\" title=\"VENGADORES PELLEGRINI\" src=\"http:\/\/enteculturalsantafesino.com.ar\/noticias\/wp-content\/uploads\/2012\/06\/VENGADORES-PELLEGRINI-300x225.jpg\" alt=\"\" width=\"300\" height=\"225\" srcset=\"http:\/\/enteculturalsantafesino.com.ar\/usina1\/wp-content\/uploads\/2012\/06\/VENGADORES-PELLEGRINI-300x225.jpg 300w, http:\/\/enteculturalsantafesino.com.ar\/usina1\/wp-content\/uploads\/2012\/06\/VENGADORES-PELLEGRINI.jpg 550w\" sizes=\"(max-width: 300px) 100vw, 300px\" \/><\/a><\/p>\n<p>Dura 145 minutos y es apta para mayores de 13 a\u00f1os. Habr\u00e1 funciones el s\u00e1bado a las 22 horas y el domingo y lunes a las 21.<\/p>\n","protected":false},"excerpt":{"rendered":"<p>La pel\u00edcula se proyectar\u00e1 el fin de semana en la sala \u201cSoledad Villamil\u201d. Dura 145 minutos y [&hellip;]<\/p>\n","protected":false},"author":3,"featured_media":0,"comment_status":"open","ping_status":"open","sticky":false,"template":"","format":"standard","meta":{"_jetpack_memberships_contains_paid_content":false,"footnotes":"","jetpack_publicize_message":"","jetpack_publicize_feature_enabled":true,"jetpack_social_post_already_shared":false,"jetpack_social_options":{"image_generator_settings":{"template":"highway","enabled":false}}},"categories":[4],"tags":[],"jetpack_publicize_connections":[],"jetpack_sharing_enabled":true,"jetpack_featured_media_url":"","_links":{"self":[{"href":"http:\/\/enteculturalsantafesino.com.ar\/usina1\/wp-json\/wp\/v2\/posts\/3575"}],"collection":[{"href":"http:\/\/enteculturalsantafesino.com.ar\/usina1\/wp-json\/wp\/v2\/posts"}],"about":[{"href":"http:\/\/enteculturalsantafesino.com.ar\/usina1\/wp-json\/wp\/v2\/types\/post"}],"author":[{"embeddable":true,"href":"http:\/\/enteculturalsantafesino.com.ar\/usina1\/wp-json\/wp\/v2\/users\/3"}],"replies":[{"embeddable":true,"href":"http:\/\/enteculturalsantafesino.com.ar\/usina1\/wp-json\/wp\/v2\/comments?post=3575"}],"version-history":[{"count":0,"href":"http:\/\/enteculturalsantafesino.com.ar\/usina1\/wp-json\/wp\/v2\/posts\/3575\/revisions"}],"wp:attachment":[{"href":"http:\/\/enteculturalsantafesino.com.ar\/usina1\/wp-json\/wp\/v2\/media?parent=3575"}],"wp:term":[{"taxonomy":"category","embeddable":true,"href":"http:\/\/enteculturalsantafesino.com.ar\/usina1\/wp-json\/wp\/v2\/categories?post=3575"},{"taxonomy":"post_tag","embeddable":true,"href":"http:\/\/enteculturalsantafesino.com.ar\/usina1\/wp-json\/wp\/v2\/tags?post=3575"}],"curies":[{"name":"wp","href":"https:\/\/api.w.org\/{rel}","templated":true}]}}