{"id":3579,"date":"2012-06-07T13:20:03","date_gmt":"2012-06-07T13:20:03","guid":{"rendered":"http:\/\/entecultura.com.ar\/noticias\/?p=3579"},"modified":"2012-06-07T22:08:03","modified_gmt":"2012-06-07T22:08:03","slug":"totoras-llega-el-medico-a-palos","status":"publish","type":"post","link":"http:\/\/enteculturalsantafesino.com.ar\/usina1\/2012\/06\/totoras-llega-el-medico-a-palos\/","title":{"rendered":"TOTORAS: LLEGA \u00abEL M\u00c9DICO A PALOS\u00bb"},"content":{"rendered":"<p><a href=\"http:\/\/enteculturalsantafesino.com.ar\/noticias\/wp-content\/uploads\/2012\/06\/EL-MEDICO-A-PALOS.jpg\" rel=\"lightbox[3579]\"><img loading=\"lazy\" decoding=\"async\" class=\"alignright size-medium wp-image-3580\" title=\"EL MEDICO A PALOS\" src=\"http:\/\/enteculturalsantafesino.com.ar\/noticias\/wp-content\/uploads\/2012\/06\/EL-MEDICO-A-PALOS-300x300.jpg\" alt=\"\" width=\"300\" height=\"300\" srcset=\"http:\/\/enteculturalsantafesino.com.ar\/usina1\/wp-content\/uploads\/2012\/06\/EL-MEDICO-A-PALOS-300x300.jpg 300w, http:\/\/enteculturalsantafesino.com.ar\/usina1\/wp-content\/uploads\/2012\/06\/EL-MEDICO-A-PALOS-150x150.jpg 150w, http:\/\/enteculturalsantafesino.com.ar\/usina1\/wp-content\/uploads\/2012\/06\/EL-MEDICO-A-PALOS.jpg 403w\" sizes=\"(max-width: 300px) 100vw, 300px\" \/><\/a>Este viernes 8 de junio, a las 21 hs, en la Sala de Teatro del Centro Cultural de la Ciudad. El grupo de teatro \u201cLos Majistrales,\u201d dependiente de la Comisi\u00f3n de Cultura del Colegio de Farmac\u00e9uticos de la 2 \u00aa Circunscripci\u00f3n de la Provincia de Santa Fe, presentar\u00e1 la obra de Moli\u00e8re. INVITA Municipalidad de Totoras. ADHIERE: Grupo de Ayuda a Pacientes Oncol\u00f3gicos de Totoras. Las ENTRADAS se pueden retirar en la Biblioteca Popular Sarmiento en el horario de 8 a 11 y de 14 a 19 hs. o a integrantes del grupo a un valor de $ 15 (a beneficio de la instituci\u00f3n).<\/p>\n<p>&nbsp;<\/p>\n","protected":false},"excerpt":{"rendered":"<p>Este viernes 8 de junio, a las 21 hs, en la Sala de Teatro del Centro Cultural [&hellip;]<\/p>\n","protected":false},"author":3,"featured_media":0,"comment_status":"open","ping_status":"open","sticky":false,"template":"","format":"standard","meta":{"_jetpack_memberships_contains_paid_content":false,"footnotes":"","jetpack_publicize_message":"","jetpack_publicize_feature_enabled":true,"jetpack_social_post_already_shared":false,"jetpack_social_options":{"image_generator_settings":{"template":"highway","enabled":false}}},"categories":[4],"tags":[],"jetpack_publicize_connections":[],"jetpack_sharing_enabled":true,"jetpack_featured_media_url":"","_links":{"self":[{"href":"http:\/\/enteculturalsantafesino.com.ar\/usina1\/wp-json\/wp\/v2\/posts\/3579"}],"collection":[{"href":"http:\/\/enteculturalsantafesino.com.ar\/usina1\/wp-json\/wp\/v2\/posts"}],"about":[{"href":"http:\/\/enteculturalsantafesino.com.ar\/usina1\/wp-json\/wp\/v2\/types\/post"}],"author":[{"embeddable":true,"href":"http:\/\/enteculturalsantafesino.com.ar\/usina1\/wp-json\/wp\/v2\/users\/3"}],"replies":[{"embeddable":true,"href":"http:\/\/enteculturalsantafesino.com.ar\/usina1\/wp-json\/wp\/v2\/comments?post=3579"}],"version-history":[{"count":0,"href":"http:\/\/enteculturalsantafesino.com.ar\/usina1\/wp-json\/wp\/v2\/posts\/3579\/revisions"}],"wp:attachment":[{"href":"http:\/\/enteculturalsantafesino.com.ar\/usina1\/wp-json\/wp\/v2\/media?parent=3579"}],"wp:term":[{"taxonomy":"category","embeddable":true,"href":"http:\/\/enteculturalsantafesino.com.ar\/usina1\/wp-json\/wp\/v2\/categories?post=3579"},{"taxonomy":"post_tag","embeddable":true,"href":"http:\/\/enteculturalsantafesino.com.ar\/usina1\/wp-json\/wp\/v2\/tags?post=3579"}],"curies":[{"name":"wp","href":"https:\/\/api.w.org\/{rel}","templated":true}]}}