{"id":3582,"date":"2012-06-07T13:23:14","date_gmt":"2012-06-07T13:23:14","guid":{"rendered":"http:\/\/entecultura.com.ar\/noticias\/?p=3582"},"modified":"2012-06-07T13:23:14","modified_gmt":"2012-06-07T13:23:14","slug":"sastre-2da-jornada-de-integracion-cultural-en-la-escuela-patricias-mendocinas","status":"publish","type":"post","link":"http:\/\/enteculturalsantafesino.com.ar\/usina1\/2012\/06\/sastre-2da-jornada-de-integracion-cultural-en-la-escuela-patricias-mendocinas\/","title":{"rendered":"SASTRE: 2da Jornada de Integraci\u00f3n Cultural en la Escuela Patricias Mendocinas"},"content":{"rendered":"<div>Durante la tarde del mi\u00e9rcoles 6 de Junio, se llev\u00f3 a cabo la 2da Jornada de <a href=\"http:\/\/enteculturalsantafesino.com.ar\/noticias\/wp-content\/uploads\/2012\/06\/sastre-patricios.jpg\" rel=\"lightbox[3582]\"><img loading=\"lazy\" decoding=\"async\" class=\"alignright size-medium wp-image-3583\" title=\"sastre patricios\" src=\"http:\/\/enteculturalsantafesino.com.ar\/noticias\/wp-content\/uploads\/2012\/06\/sastre-patricios-300x168.jpg\" alt=\"\" width=\"300\" height=\"168\" srcset=\"http:\/\/enteculturalsantafesino.com.ar\/usina1\/wp-content\/uploads\/2012\/06\/sastre-patricios-300x168.jpg 300w, http:\/\/enteculturalsantafesino.com.ar\/usina1\/wp-content\/uploads\/2012\/06\/sastre-patricios.jpg 960w\" sizes=\"(max-width: 300px) 100vw, 300px\" \/><\/a><\/div>\n<div>Integraci\u00f3n Cultural, en la Escuela Patricias Mendocinas de Sastre. Dicha jornada fue impulsada por el Centro de Estudiantes de la escuela, con el prop\u00f3sito de gen&#8230;erar un acercamiento hacia las actividades culturales que ofrecen las instituciones del pueblo, en particular el Liceo Municipal. En la 1era Jornada, la actividad estuvo a cargo de los profesores del Ballet de Danzas Folcl\u00f3ricas y en el 2do encuentro, la actividad fue coordinada por el profesor del Taller de Teatro, quien ofreci\u00f3 una clase abierta.<\/div>\n","protected":false},"excerpt":{"rendered":"<p>Durante la tarde del mi\u00e9rcoles 6 de Junio, se llev\u00f3 a cabo la 2da Jornada de Integraci\u00f3n [&hellip;]<\/p>\n","protected":false},"author":3,"featured_media":0,"comment_status":"open","ping_status":"open","sticky":false,"template":"","format":"standard","meta":{"_jetpack_memberships_contains_paid_content":false,"footnotes":"","jetpack_publicize_message":"","jetpack_publicize_feature_enabled":true,"jetpack_social_post_already_shared":false,"jetpack_social_options":{"image_generator_settings":{"template":"highway","enabled":false}}},"categories":[1],"tags":[],"jetpack_publicize_connections":[],"jetpack_sharing_enabled":true,"jetpack_featured_media_url":"","_links":{"self":[{"href":"http:\/\/enteculturalsantafesino.com.ar\/usina1\/wp-json\/wp\/v2\/posts\/3582"}],"collection":[{"href":"http:\/\/enteculturalsantafesino.com.ar\/usina1\/wp-json\/wp\/v2\/posts"}],"about":[{"href":"http:\/\/enteculturalsantafesino.com.ar\/usina1\/wp-json\/wp\/v2\/types\/post"}],"author":[{"embeddable":true,"href":"http:\/\/enteculturalsantafesino.com.ar\/usina1\/wp-json\/wp\/v2\/users\/3"}],"replies":[{"embeddable":true,"href":"http:\/\/enteculturalsantafesino.com.ar\/usina1\/wp-json\/wp\/v2\/comments?post=3582"}],"version-history":[{"count":0,"href":"http:\/\/enteculturalsantafesino.com.ar\/usina1\/wp-json\/wp\/v2\/posts\/3582\/revisions"}],"wp:attachment":[{"href":"http:\/\/enteculturalsantafesino.com.ar\/usina1\/wp-json\/wp\/v2\/media?parent=3582"}],"wp:term":[{"taxonomy":"category","embeddable":true,"href":"http:\/\/enteculturalsantafesino.com.ar\/usina1\/wp-json\/wp\/v2\/categories?post=3582"},{"taxonomy":"post_tag","embeddable":true,"href":"http:\/\/enteculturalsantafesino.com.ar\/usina1\/wp-json\/wp\/v2\/tags?post=3582"}],"curies":[{"name":"wp","href":"https:\/\/api.w.org\/{rel}","templated":true}]}}