{"id":3590,"date":"2012-06-07T14:08:28","date_gmt":"2012-06-07T14:08:28","guid":{"rendered":"http:\/\/entecultura.com.ar\/noticias\/?p=3590"},"modified":"2012-06-07T14:08:28","modified_gmt":"2012-06-07T14:08:28","slug":"los-cardos-el-ballet-comunal-sonkoi-brillo-con-su-propuesta","status":"publish","type":"post","link":"http:\/\/enteculturalsantafesino.com.ar\/usina1\/2012\/06\/los-cardos-el-ballet-comunal-sonkoi-brillo-con-su-propuesta\/","title":{"rendered":"LOS CARDOS: EL BALLET COMUNAL SONKOI BRILL\u00d3 CON SU PROPUESTA"},"content":{"rendered":"<p>La Secretar\u00eda de Cultura de la <a href=\"http:\/\/enteculturalsantafesino.com.ar\/noticias\/wp-content\/uploads\/2012\/06\/sonckoy-1.jpg\" rel=\"lightbox[3590]\"><img loading=\"lazy\" decoding=\"async\" class=\"alignright size-medium wp-image-3591\" title=\"sonckoy 1\" src=\"http:\/\/enteculturalsantafesino.com.ar\/noticias\/wp-content\/uploads\/2012\/06\/sonckoy-1-300x225.jpg\" alt=\"\" width=\"300\" height=\"225\" srcset=\"http:\/\/enteculturalsantafesino.com.ar\/usina1\/wp-content\/uploads\/2012\/06\/sonckoy-1-300x225.jpg 300w, http:\/\/enteculturalsantafesino.com.ar\/usina1\/wp-content\/uploads\/2012\/06\/sonckoy-1.jpg 960w\" sizes=\"(max-width: 300px) 100vw, 300px\" \/><\/a><a href=\"http:\/\/enteculturalsantafesino.com.ar\/noticias\/wp-content\/uploads\/2012\/06\/sonkoy-2.jpg\" rel=\"lightbox[3590]\"><img loading=\"lazy\" decoding=\"async\" class=\"alignright size-medium wp-image-3592\" title=\"sonkoy 2\" src=\"http:\/\/enteculturalsantafesino.com.ar\/noticias\/wp-content\/uploads\/2012\/06\/sonkoy-2-225x300.jpg\" alt=\"\" width=\"225\" height=\"300\" srcset=\"http:\/\/enteculturalsantafesino.com.ar\/usina1\/wp-content\/uploads\/2012\/06\/sonkoy-2-225x300.jpg 225w, http:\/\/enteculturalsantafesino.com.ar\/usina1\/wp-content\/uploads\/2012\/06\/sonkoy-2.jpg 720w\" sizes=\"(max-width: 225px) 100vw, 225px\" \/><\/a><\/p>\n<p>comunidad de Los Cardos\u00a0nos informa<\/p>\n<p>que el <strong>Ballet Comunal SonKoi<\/strong>,<\/p>\n<p>particip\u00f3 del \u00a0<em><strong>?12\u00ba Encuentro de Danza del Ballet Raices<\/strong><\/em> desarrollado el 2 de junio en la localidad de San Martin de las Escobas. Dicho Ballet Comunal represent\u00f3 con gran repercusi\u00f3n a la comunidad y posibit\u00f3 la integraci\u00f3n cultural con otras propuestas a trav\u00e9s de la participaci\u00f3n de diversos Ballets Folcl\u00f3ricos. Felicitaciones Sonkoi!!<\/p>\n","protected":false},"excerpt":{"rendered":"<p>La Secretar\u00eda de Cultura de la comunidad de Los Cardos\u00a0nos informa que el Ballet Comunal SonKoi, particip\u00f3 [&hellip;]<\/p>\n","protected":false},"author":3,"featured_media":0,"comment_status":"open","ping_status":"open","sticky":false,"template":"","format":"standard","meta":{"_jetpack_memberships_contains_paid_content":false,"footnotes":"","jetpack_publicize_message":"","jetpack_publicize_feature_enabled":true,"jetpack_social_post_already_shared":false,"jetpack_social_options":{"image_generator_settings":{"template":"highway","enabled":false}}},"categories":[1],"tags":[],"jetpack_publicize_connections":[],"jetpack_sharing_enabled":true,"jetpack_featured_media_url":"","_links":{"self":[{"href":"http:\/\/enteculturalsantafesino.com.ar\/usina1\/wp-json\/wp\/v2\/posts\/3590"}],"collection":[{"href":"http:\/\/enteculturalsantafesino.com.ar\/usina1\/wp-json\/wp\/v2\/posts"}],"about":[{"href":"http:\/\/enteculturalsantafesino.com.ar\/usina1\/wp-json\/wp\/v2\/types\/post"}],"author":[{"embeddable":true,"href":"http:\/\/enteculturalsantafesino.com.ar\/usina1\/wp-json\/wp\/v2\/users\/3"}],"replies":[{"embeddable":true,"href":"http:\/\/enteculturalsantafesino.com.ar\/usina1\/wp-json\/wp\/v2\/comments?post=3590"}],"version-history":[{"count":0,"href":"http:\/\/enteculturalsantafesino.com.ar\/usina1\/wp-json\/wp\/v2\/posts\/3590\/revisions"}],"wp:attachment":[{"href":"http:\/\/enteculturalsantafesino.com.ar\/usina1\/wp-json\/wp\/v2\/media?parent=3590"}],"wp:term":[{"taxonomy":"category","embeddable":true,"href":"http:\/\/enteculturalsantafesino.com.ar\/usina1\/wp-json\/wp\/v2\/categories?post=3590"},{"taxonomy":"post_tag","embeddable":true,"href":"http:\/\/enteculturalsantafesino.com.ar\/usina1\/wp-json\/wp\/v2\/tags?post=3590"}],"curies":[{"name":"wp","href":"https:\/\/api.w.org\/{rel}","templated":true}]}}