{"id":3595,"date":"2012-06-07T21:50:38","date_gmt":"2012-06-07T21:50:38","guid":{"rendered":"http:\/\/entecultura.com.ar\/noticias\/?p=3595"},"modified":"2012-06-07T21:51:25","modified_gmt":"2012-06-07T21:51:25","slug":"3595","status":"publish","type":"post","link":"http:\/\/enteculturalsantafesino.com.ar\/usina1\/2012\/06\/3595\/","title":{"rendered":"MAR\u00cdA JUANA: CORO ENCUENTRO Y DISTINCIONES"},"content":{"rendered":"<table style=\"width: 278px; height: 390px;\" width=\"278\" border=\"0\" cellspacing=\"0\" cellpadding=\"0\" align=\"center\">\n<tbody>\n<tr>\n<td valign=\"top\">\n<div style=\"text-align: left;\" align=\"justify\">Nuestro Coro<a href=\"http:\/\/enteculturalsantafesino.com.ar\/noticias\/wp-content\/uploads\/2012\/06\/CORO-M.-JUANA.jpg\" rel=\"lightbox[3595]\"><img loading=\"lazy\" decoding=\"async\" class=\"alignright size-full wp-image-3597\" title=\"CORO M. JUANA\" src=\"http:\/\/enteculturalsantafesino.com.ar\/noticias\/wp-content\/uploads\/2012\/06\/CORO-M.-JUANA.jpg\" alt=\"\" width=\"200\" height=\"151\" \/><\/a><\/div>\n<div style=\"text-align: left;\" align=\"justify\">\u00a0Comunal cumple<\/div>\n<div style=\"text-align: left;\" align=\"justify\">este a\u00f1o sus<\/div>\n<div style=\"text-align: left;\" align=\"justify\">25 a\u00f1os de vida, un cuarto de siglo\u00a0 reunidos\u00a0 en grupo para interpretar grandes canciones a trav\u00e9s de voces especiales. El s\u00e1bado pasadas las 21:15 hs. comenz\u00f3 la primera parte del festejo, con un encuentro coral donde fueron visitados por destacadas voces de los coros de Morteros, Brikmann y la ciudad de Rosario. Un n\u00famero importante de personas acompa\u00f1o este evento cultural en la Sala de Sociedad Italiana. Un grupo superior a las 15 personas acompa\u00f1aron a sus<\/div>\n<\/td>\n<\/tr>\n<tr>\n<td colspan=\"2\" valign=\"top\" height=\"193\">\n<p style=\"text-align: left;\" align=\"justify\">ex-compa\u00f1eros, ya que se trataba de coreutas que integraron la Agrupaci\u00f3n Coral en otras oportunidades. Durante la\u00a0 noche recibieron medallas de reconocimiento Roberto Aguilera, Ada de Ferratto, Irene Ferratto y Norma Morello por sus 25\u00a0 a\u00f1os ininterrumpidos\u00a0 en la actividad coral. Nuestro Coro naci\u00f3 en el a\u00f1o 1987 por iniciativa de la comisi\u00f3n comunal y la comisi\u00f3n de cultura. En el a\u00f1o 1991 presento la cantata \u00abHermano Francisco\u00bb dirigida por el reconocido\u00a0 maestro Emilio I. Gil quien vino especialmente del pa\u00eds vasco. En 1992 obtuvo el premio Mejor Coro Polif\u00f3nico en un concurso internacional en Villa Carlos Paz. Ha realizado a lo largo de su carrera m\u00e1s de 500 presentaciones en nuestro pa\u00eds, Chile, Uruguay y Brasil. En el mes de Agosto pr\u00f3ximo culminaran los festejos con una cena o almuerzo, la idea es poder reunir a la mayor cantidad posible de ex integrantes para un gran reencuentro.<\/p>\n<\/td>\n<\/tr>\n<\/tbody>\n<\/table>\n","protected":false},"excerpt":{"rendered":"<p>Nuestro Coro \u00a0Comunal cumple este a\u00f1o sus 25 a\u00f1os de vida, un cuarto de siglo\u00a0 reunidos\u00a0 en [&hellip;]<\/p>\n","protected":false},"author":3,"featured_media":0,"comment_status":"open","ping_status":"open","sticky":false,"template":"","format":"standard","meta":{"_jetpack_memberships_contains_paid_content":false,"footnotes":"","jetpack_publicize_message":"","jetpack_publicize_feature_enabled":true,"jetpack_social_post_already_shared":false,"jetpack_social_options":{"image_generator_settings":{"template":"highway","enabled":false}}},"categories":[1],"tags":[],"jetpack_publicize_connections":[],"jetpack_sharing_enabled":true,"jetpack_featured_media_url":"","_links":{"self":[{"href":"http:\/\/enteculturalsantafesino.com.ar\/usina1\/wp-json\/wp\/v2\/posts\/3595"}],"collection":[{"href":"http:\/\/enteculturalsantafesino.com.ar\/usina1\/wp-json\/wp\/v2\/posts"}],"about":[{"href":"http:\/\/enteculturalsantafesino.com.ar\/usina1\/wp-json\/wp\/v2\/types\/post"}],"author":[{"embeddable":true,"href":"http:\/\/enteculturalsantafesino.com.ar\/usina1\/wp-json\/wp\/v2\/users\/3"}],"replies":[{"embeddable":true,"href":"http:\/\/enteculturalsantafesino.com.ar\/usina1\/wp-json\/wp\/v2\/comments?post=3595"}],"version-history":[{"count":0,"href":"http:\/\/enteculturalsantafesino.com.ar\/usina1\/wp-json\/wp\/v2\/posts\/3595\/revisions"}],"wp:attachment":[{"href":"http:\/\/enteculturalsantafesino.com.ar\/usina1\/wp-json\/wp\/v2\/media?parent=3595"}],"wp:term":[{"taxonomy":"category","embeddable":true,"href":"http:\/\/enteculturalsantafesino.com.ar\/usina1\/wp-json\/wp\/v2\/categories?post=3595"},{"taxonomy":"post_tag","embeddable":true,"href":"http:\/\/enteculturalsantafesino.com.ar\/usina1\/wp-json\/wp\/v2\/tags?post=3595"}],"curies":[{"name":"wp","href":"https:\/\/api.w.org\/{rel}","templated":true}]}}