{"id":3602,"date":"2012-06-08T14:42:23","date_gmt":"2012-06-08T14:42:23","guid":{"rendered":"http:\/\/entecultura.com.ar\/noticias\/?p=3602"},"modified":"2012-06-08T14:42:23","modified_gmt":"2012-06-08T14:42:23","slug":"san-genaroinscripcion-para-el-nuevo-taller-de-la-experiencia-cuenta","status":"publish","type":"post","link":"http:\/\/enteculturalsantafesino.com.ar\/usina1\/2012\/06\/san-genaroinscripcion-para-el-nuevo-taller-de-la-experiencia-cuenta\/","title":{"rendered":"SAN GENARO:INSCRIPCI\u00d3N PARA EL NUEVO TALLER DE LA \u00abEXPERIENCIA CUENTA\u00bb"},"content":{"rendered":"<p>La Municipalidad de San Genaro a trav\u00e9s de la Subsecretaria de Desarrollo<a href=\"http:\/\/enteculturalsantafesino.com.ar\/noticias\/wp-content\/uploads\/2012\/06\/telar-sg.jpg\" rel=\"lightbox[3602]\"><img loading=\"lazy\" decoding=\"async\" class=\"alignright size-medium wp-image-3603\" title=\"telar sg\" src=\"http:\/\/enteculturalsantafesino.com.ar\/noticias\/wp-content\/uploads\/2012\/06\/telar-sg-300x176.jpg\" alt=\"\" width=\"300\" height=\"176\" srcset=\"http:\/\/enteculturalsantafesino.com.ar\/usina1\/wp-content\/uploads\/2012\/06\/telar-sg-300x176.jpg 300w, http:\/\/enteculturalsantafesino.com.ar\/usina1\/wp-content\/uploads\/2012\/06\/telar-sg.jpg 680w\" sizes=\"(max-width: 300px) 100vw, 300px\" \/><\/a><\/p>\n<p>Social abre la inscripci\u00f3n al Taller de Accesorios Tejidos: Carteras: Alfombras, Caminos de Mesas y muchas cosas m\u00e1s.<br \/>\nQuienes est\u00e9n interesados podr\u00e1n inscribirse a partir del d\u00eda 30 de mayo en las oficinas de Desarrollo Social, Ruta N? 65 s\/n o llamando al tel. 03401 &#8211; 449281.<br \/>\nEste nuevo taller est\u00e1 enmarcado dentro del Programa \u201cLa Experiencia Cuenta\u201d y es otra pol\u00edtica social inclusiva desde el municipio para todos los sangenarinos.<\/p>\n","protected":false},"excerpt":{"rendered":"<p>La Municipalidad de San Genaro a trav\u00e9s de la Subsecretaria de Desarrollo Social abre la inscripci\u00f3n al [&hellip;]<\/p>\n","protected":false},"author":3,"featured_media":0,"comment_status":"open","ping_status":"open","sticky":false,"template":"","format":"standard","meta":{"_jetpack_memberships_contains_paid_content":false,"footnotes":"","jetpack_publicize_message":"","jetpack_publicize_feature_enabled":true,"jetpack_social_post_already_shared":false,"jetpack_social_options":{"image_generator_settings":{"template":"highway","enabled":false}}},"categories":[1],"tags":[],"jetpack_publicize_connections":[],"jetpack_sharing_enabled":true,"jetpack_featured_media_url":"","_links":{"self":[{"href":"http:\/\/enteculturalsantafesino.com.ar\/usina1\/wp-json\/wp\/v2\/posts\/3602"}],"collection":[{"href":"http:\/\/enteculturalsantafesino.com.ar\/usina1\/wp-json\/wp\/v2\/posts"}],"about":[{"href":"http:\/\/enteculturalsantafesino.com.ar\/usina1\/wp-json\/wp\/v2\/types\/post"}],"author":[{"embeddable":true,"href":"http:\/\/enteculturalsantafesino.com.ar\/usina1\/wp-json\/wp\/v2\/users\/3"}],"replies":[{"embeddable":true,"href":"http:\/\/enteculturalsantafesino.com.ar\/usina1\/wp-json\/wp\/v2\/comments?post=3602"}],"version-history":[{"count":0,"href":"http:\/\/enteculturalsantafesino.com.ar\/usina1\/wp-json\/wp\/v2\/posts\/3602\/revisions"}],"wp:attachment":[{"href":"http:\/\/enteculturalsantafesino.com.ar\/usina1\/wp-json\/wp\/v2\/media?parent=3602"}],"wp:term":[{"taxonomy":"category","embeddable":true,"href":"http:\/\/enteculturalsantafesino.com.ar\/usina1\/wp-json\/wp\/v2\/categories?post=3602"},{"taxonomy":"post_tag","embeddable":true,"href":"http:\/\/enteculturalsantafesino.com.ar\/usina1\/wp-json\/wp\/v2\/tags?post=3602"}],"curies":[{"name":"wp","href":"https:\/\/api.w.org\/{rel}","templated":true}]}}