{"id":3606,"date":"2012-06-08T20:25:42","date_gmt":"2012-06-08T20:25:42","guid":{"rendered":"http:\/\/entecultura.com.ar\/noticias\/?p=3606"},"modified":"2012-06-08T20:26:09","modified_gmt":"2012-06-08T20:26:09","slug":"artistas-de-la-region-graban-la-cancion-del-cabildo-cultural-santafesino","status":"publish","type":"post","link":"http:\/\/enteculturalsantafesino.com.ar\/usina1\/2012\/06\/artistas-de-la-region-graban-la-cancion-del-cabildo-cultural-santafesino\/","title":{"rendered":"ARTISTAS DE LA REGI\u00d3N GRABAN LA CANCI\u00d3N DEL CABILDO CULTURAL SANTAFESINO"},"content":{"rendered":"<p>Desde el d\u00eda mi\u00e9rcoles 6 de junio distintos artistas pertenecientes\u00a0\u00a0a las localidades que<a href=\"http:\/\/enteculturalsantafesino.com.ar\/noticias\/wp-content\/uploads\/2012\/06\/foto-celu-043.jpg\" rel=\"lightbox[3606]\"><img loading=\"lazy\" decoding=\"async\" class=\"alignright size-medium wp-image-3607\" title=\"foto celu 043\" src=\"http:\/\/enteculturalsantafesino.com.ar\/noticias\/wp-content\/uploads\/2012\/06\/foto-celu-043-225x300.jpg\" alt=\"\" width=\"225\" height=\"300\" srcset=\"http:\/\/enteculturalsantafesino.com.ar\/usina1\/wp-content\/uploads\/2012\/06\/foto-celu-043-225x300.jpg 225w, http:\/\/enteculturalsantafesino.com.ar\/usina1\/wp-content\/uploads\/2012\/06\/foto-celu-043-768x1024.jpg 768w, http:\/\/enteculturalsantafesino.com.ar\/usina1\/wp-content\/uploads\/2012\/06\/foto-celu-043.jpg 900w\" sizes=\"(max-width: 225px) 100vw, 225px\" \/><\/a><\/p>\n<p>integran el Ente Regional de Cultural se encuentran trabajando en la grabaci\u00f3n de la canci\u00f3n que formar\u00e1 parte de la <strong><em>Apertura del Cabildo Cultural Santafesino<\/em><\/strong> a desarrollarse <em>desde el 27 de agosto al 2 de septiembre en nuestra regi\u00f3n<\/em>. Dicha obra musical se titula <em><strong>Juntos, M\u00e1s y Mejor<\/strong><\/em> (Aire de Chacarera) la cual posibilita exponer todo el potencial artistico y cultural de nuestra regi\u00f3n a trav\u00e9s de sus m\u00fasicos y bailarines. En los Estudios del Sr. Juan Pablo Rossi\u00a0\u00abBit Record\u00bb de la ciudad de Las Parejas,\u00a0 se lleva adelante esta primera etapa. Este proyecto es la primera herramienta de interrelaci\u00f3n,\u00a0difusi\u00f3n y presentaci\u00f3n entre referentes culturales, integrados\u00a0para el desarrollo del\u00a0\u00abhecho cultural\u00bb que unificar\u00e1 a las comunidades del centro- sur santafesino. <em>En la foto observamos a\u00a0 Teo Izaguirre\u00a0(Correa) y\u00a0Juan Pablo Rossi (propietario de Bit Record) en plena actividad.<\/em><\/p>\n","protected":false},"excerpt":{"rendered":"<p>Desde el d\u00eda mi\u00e9rcoles 6 de junio distintos artistas pertenecientes\u00a0\u00a0a las localidades que integran el Ente Regional [&hellip;]<\/p>\n","protected":false},"author":3,"featured_media":0,"comment_status":"open","ping_status":"open","sticky":false,"template":"","format":"standard","meta":{"_jetpack_memberships_contains_paid_content":false,"footnotes":"","jetpack_publicize_message":"","jetpack_publicize_feature_enabled":true,"jetpack_social_post_already_shared":false,"jetpack_social_options":{"image_generator_settings":{"template":"highway","enabled":false}}},"categories":[1],"tags":[],"jetpack_publicize_connections":[],"jetpack_sharing_enabled":true,"jetpack_featured_media_url":"","_links":{"self":[{"href":"http:\/\/enteculturalsantafesino.com.ar\/usina1\/wp-json\/wp\/v2\/posts\/3606"}],"collection":[{"href":"http:\/\/enteculturalsantafesino.com.ar\/usina1\/wp-json\/wp\/v2\/posts"}],"about":[{"href":"http:\/\/enteculturalsantafesino.com.ar\/usina1\/wp-json\/wp\/v2\/types\/post"}],"author":[{"embeddable":true,"href":"http:\/\/enteculturalsantafesino.com.ar\/usina1\/wp-json\/wp\/v2\/users\/3"}],"replies":[{"embeddable":true,"href":"http:\/\/enteculturalsantafesino.com.ar\/usina1\/wp-json\/wp\/v2\/comments?post=3606"}],"version-history":[{"count":0,"href":"http:\/\/enteculturalsantafesino.com.ar\/usina1\/wp-json\/wp\/v2\/posts\/3606\/revisions"}],"wp:attachment":[{"href":"http:\/\/enteculturalsantafesino.com.ar\/usina1\/wp-json\/wp\/v2\/media?parent=3606"}],"wp:term":[{"taxonomy":"category","embeddable":true,"href":"http:\/\/enteculturalsantafesino.com.ar\/usina1\/wp-json\/wp\/v2\/categories?post=3606"},{"taxonomy":"post_tag","embeddable":true,"href":"http:\/\/enteculturalsantafesino.com.ar\/usina1\/wp-json\/wp\/v2\/tags?post=3606"}],"curies":[{"name":"wp","href":"https:\/\/api.w.org\/{rel}","templated":true}]}}