{"id":3611,"date":"2012-06-08T20:49:22","date_gmt":"2012-06-08T20:49:22","guid":{"rendered":"http:\/\/entecultura.com.ar\/noticias\/?p=3611"},"modified":"2012-06-08T21:05:08","modified_gmt":"2012-06-08T21:05:08","slug":"la-brujula-cultural-ya-se-puede-disfrutar","status":"publish","type":"post","link":"http:\/\/enteculturalsantafesino.com.ar\/usina1\/2012\/06\/la-brujula-cultural-ya-se-puede-disfrutar\/","title":{"rendered":"LA BR\u00daJULA CULTURAL YA SE PUEDE DISFRUTAR"},"content":{"rendered":"<p>La Br\u00fajula Cultural, <em>el espacio virtual para todos los g\u00e9neros musicales de la<a href=\"http:\/\/enteculturalsantafesino.com.ar\/noticias\/wp-content\/uploads\/2012\/06\/LOGO-BRUJULA1.jpg\" rel=\"lightbox[3611]\"><img loading=\"lazy\" decoding=\"async\" class=\"alignright size-medium wp-image-3612\" title=\"LOGO BRUJULA\" src=\"http:\/\/enteculturalsantafesino.com.ar\/noticias\/wp-content\/uploads\/2012\/06\/LOGO-BRUJULA1-300x140.jpg\" alt=\"\" width=\"300\" height=\"140\" srcset=\"http:\/\/enteculturalsantafesino.com.ar\/usina1\/wp-content\/uploads\/2012\/06\/LOGO-BRUJULA1-300x140.jpg 300w, http:\/\/enteculturalsantafesino.com.ar\/usina1\/wp-content\/uploads\/2012\/06\/LOGO-BRUJULA1.jpg 800w\" sizes=\"(max-width: 300px) 100vw, 300px\" \/><\/a><\/em><\/p>\n<p><em>\u00a0regi\u00f3n\u00a0<\/em>ya se puede disfrutar, ingresando a la p\u00e1gina del Ente Regional de Cultura: <a href=\"http:\/\/www.enteculturalsantafesino.com.ar\">www.enteculturalsantafesino.com.ar<\/a> podr\u00e1n descubrir y disfrutar de los talentos de las diversas comunidades del centro- sur santafesino. Dentro de dicho programa se encuentran incluidos los artistas que formaron parte del Concurso Familiarte(2011) y la Galer\u00eda de Bandas de Rock(2010). De esta manera se origina un espacio de difusi\u00f3n, posibilitando la organizaci\u00f3n e implementaci\u00f3n de una base de datos de los diversos exponentes culturales de nuestra regi\u00f3n.<\/p>\n<p><strong><em>Los Artistas que deseen formar parte de este espacio dirigirse a la Secretar\u00eda de Cultura de su comunidad con una obra musical, detallando el t\u00edtulo, autor e int\u00e9rprete.<\/em><\/strong><\/p>\n","protected":false},"excerpt":{"rendered":"<p>La Br\u00fajula Cultural, el espacio virtual para todos los g\u00e9neros musicales de la \u00a0regi\u00f3n\u00a0ya se puede disfrutar, [&hellip;]<\/p>\n","protected":false},"author":3,"featured_media":0,"comment_status":"open","ping_status":"open","sticky":false,"template":"","format":"standard","meta":{"_jetpack_memberships_contains_paid_content":false,"footnotes":"","jetpack_publicize_message":"","jetpack_publicize_feature_enabled":true,"jetpack_social_post_already_shared":false,"jetpack_social_options":{"image_generator_settings":{"template":"highway","enabled":false}}},"categories":[1],"tags":[],"jetpack_publicize_connections":[],"jetpack_sharing_enabled":true,"jetpack_featured_media_url":"","_links":{"self":[{"href":"http:\/\/enteculturalsantafesino.com.ar\/usina1\/wp-json\/wp\/v2\/posts\/3611"}],"collection":[{"href":"http:\/\/enteculturalsantafesino.com.ar\/usina1\/wp-json\/wp\/v2\/posts"}],"about":[{"href":"http:\/\/enteculturalsantafesino.com.ar\/usina1\/wp-json\/wp\/v2\/types\/post"}],"author":[{"embeddable":true,"href":"http:\/\/enteculturalsantafesino.com.ar\/usina1\/wp-json\/wp\/v2\/users\/3"}],"replies":[{"embeddable":true,"href":"http:\/\/enteculturalsantafesino.com.ar\/usina1\/wp-json\/wp\/v2\/comments?post=3611"}],"version-history":[{"count":0,"href":"http:\/\/enteculturalsantafesino.com.ar\/usina1\/wp-json\/wp\/v2\/posts\/3611\/revisions"}],"wp:attachment":[{"href":"http:\/\/enteculturalsantafesino.com.ar\/usina1\/wp-json\/wp\/v2\/media?parent=3611"}],"wp:term":[{"taxonomy":"category","embeddable":true,"href":"http:\/\/enteculturalsantafesino.com.ar\/usina1\/wp-json\/wp\/v2\/categories?post=3611"},{"taxonomy":"post_tag","embeddable":true,"href":"http:\/\/enteculturalsantafesino.com.ar\/usina1\/wp-json\/wp\/v2\/tags?post=3611"}],"curies":[{"name":"wp","href":"https:\/\/api.w.org\/{rel}","templated":true}]}}