{"id":3616,"date":"2012-06-10T20:19:49","date_gmt":"2012-06-10T20:19:49","guid":{"rendered":"http:\/\/entecultura.com.ar\/noticias\/?p=3616"},"modified":"2012-06-10T20:20:37","modified_gmt":"2012-06-10T20:20:37","slug":"la-secretaria-cultural-catalina-serdarevich-vuelve-a-presidir-la-regional-a","status":"publish","type":"post","link":"http:\/\/enteculturalsantafesino.com.ar\/usina1\/2012\/06\/la-secretaria-cultural-catalina-serdarevich-vuelve-a-presidir-la-regional-a\/","title":{"rendered":"SAN VICENTE: CATALINA SERDAREVICH VUELVE A PRESIDIR LA REGIONAL A"},"content":{"rendered":"<p>El pasado s\u00e1bado 2 de junio se llev\u00f3 a cabo la <strong>primer reuni\u00f3n del a\u00f1o de la Regional <a href=\"http:\/\/enteculturalsantafesino.com.ar\/noticias\/wp-content\/uploads\/2012\/06\/caty-presidente.jpg\" rel=\"lightbox[3616]\"><img loading=\"lazy\" decoding=\"async\" class=\"alignright size-full wp-image-3617\" title=\"caty presidente\" src=\"http:\/\/enteculturalsantafesino.com.ar\/noticias\/wp-content\/uploads\/2012\/06\/caty-presidente.jpg\" alt=\"\" width=\"210\" height=\"158\" \/><\/a><\/strong><\/p>\n<p><strong>Centro A de Museos<\/strong>, la misma tuvo lugar en\u00a0 Casa de la Cultura de San Vicente, y se llevaron adelante distintas actividades.<br \/>\nEn un primer momento\u00a0 la Comisi\u00f3n anfitriona del Museo y de la Pte.de la Regional\u00a0 le dieron la bienvenida a todos los presentes, para luego dar lugar a\u00a0 la designaci\u00f3n de las autoridades que acompa\u00f1ar\u00e1n a la Presidente y Vicepresidente reelectas en la \u00faltima Asamblea General Ordinaria que realizada en El Tr\u00e9bol, quienes ejerceran sus cargos en el per\u00edodo 2012\/13, quedando conformada la misma de la siguiente manera: Presidente: Catalina Serdarevich Vicepresidente: Victoria Sampierin Secretaria: Rosana Gorr Prosecretaria: Elisa Oitana Tesorera: Ana Mar\u00eda Mujica Protesorero: Hugo Giovanini Secretar\u00eda de Prensa y Difusi\u00f3n: Lelia\u00a0 Battistoni Terminada esta etapa el\u00a0 el Pte. de la Asociaci\u00f3n de Museos de la Pcia. de Santa Fe Dr. Esteban Delorenzi inform\u00f3 acerca de la implementaci\u00f3n del Decreto- Ley y la documentaci\u00f3n pertinente pr\u00f3xima a recibir, para la subvenci\u00f3n que percibir\u00edan los museos, adem\u00e1s realizo algunos comentarios sobre el 4to Encuentro Pcial. de Museos que se realizara los d\u00edas 13 y 14 de octubre en la ciudad de Esperanza.\u00a0 <em><strong>La reuni\u00f3n continuo con la palabra de la secretaria de Cultura de Sastre, Guillermina Milloco, quien present\u00f3 el Dpto. de Artes Pl\u00e1sticas dependiente del Ente Regional de Cultura, el cual tiene como finalidad el intercambio de pinturas y dibujos de los artistas de las localidades que integran el Ente.<\/strong><\/em> Como cierre de la jornada el pintor, escultor y escritor de la Ciudad de San Vicente, Pierino Pugno habl\u00f3 sobre su actividad art\u00edstica y present\u00f3 una muestra de sus pinturas.<\/p>\n","protected":false},"excerpt":{"rendered":"<p>El pasado s\u00e1bado 2 de junio se llev\u00f3 a cabo la primer reuni\u00f3n del a\u00f1o de la [&hellip;]<\/p>\n","protected":false},"author":3,"featured_media":0,"comment_status":"open","ping_status":"open","sticky":false,"template":"","format":"standard","meta":{"_jetpack_memberships_contains_paid_content":false,"footnotes":"","jetpack_publicize_message":"","jetpack_publicize_feature_enabled":true,"jetpack_social_post_already_shared":false,"jetpack_social_options":{"image_generator_settings":{"template":"highway","enabled":false}}},"categories":[23,4],"tags":[],"jetpack_publicize_connections":[],"jetpack_sharing_enabled":true,"jetpack_featured_media_url":"","_links":{"self":[{"href":"http:\/\/enteculturalsantafesino.com.ar\/usina1\/wp-json\/wp\/v2\/posts\/3616"}],"collection":[{"href":"http:\/\/enteculturalsantafesino.com.ar\/usina1\/wp-json\/wp\/v2\/posts"}],"about":[{"href":"http:\/\/enteculturalsantafesino.com.ar\/usina1\/wp-json\/wp\/v2\/types\/post"}],"author":[{"embeddable":true,"href":"http:\/\/enteculturalsantafesino.com.ar\/usina1\/wp-json\/wp\/v2\/users\/3"}],"replies":[{"embeddable":true,"href":"http:\/\/enteculturalsantafesino.com.ar\/usina1\/wp-json\/wp\/v2\/comments?post=3616"}],"version-history":[{"count":0,"href":"http:\/\/enteculturalsantafesino.com.ar\/usina1\/wp-json\/wp\/v2\/posts\/3616\/revisions"}],"wp:attachment":[{"href":"http:\/\/enteculturalsantafesino.com.ar\/usina1\/wp-json\/wp\/v2\/media?parent=3616"}],"wp:term":[{"taxonomy":"category","embeddable":true,"href":"http:\/\/enteculturalsantafesino.com.ar\/usina1\/wp-json\/wp\/v2\/categories?post=3616"},{"taxonomy":"post_tag","embeddable":true,"href":"http:\/\/enteculturalsantafesino.com.ar\/usina1\/wp-json\/wp\/v2\/tags?post=3616"}],"curies":[{"name":"wp","href":"https:\/\/api.w.org\/{rel}","templated":true}]}}