{"id":362,"date":"2011-08-09T17:31:14","date_gmt":"2011-08-09T17:31:14","guid":{"rendered":"http:\/\/entecultura.com.ar\/noticias\/?p=362"},"modified":"2011-08-09T17:31:14","modified_gmt":"2011-08-09T17:31:14","slug":"tercer-encuentro-provincial-de-museos","status":"publish","type":"post","link":"http:\/\/enteculturalsantafesino.com.ar\/usina1\/2011\/08\/tercer-encuentro-provincial-de-museos\/","title":{"rendered":"TERCER ENCUENTRO PROVINCIAL DE MUSEOS"},"content":{"rendered":"<p>El pasado fin de semana tuvo lugar en la localidad de G\u00e1lvez un encuentro de las<br \/>\ndistintas asociaciones de museos de la provincia, al cual asistieron la<br \/>\nSecretaria de Cultura de la Comuna local Catalina Serdarevich y la responsable a<br \/>\ncargo del Museo Historico Comunal Analia Gastaudo, en el marco de este evento se<br \/>\ndesarrollaron diferentes actividades.<br \/>\nAnalia Gastaudo comparti\u00f3 con nosotros<br \/>\nel cronograma del evento, dando cuenta de la cronologia con la cual se<br \/>\ndesarrollo el mismo: \u00abel s\u00e1bado se realizo el acto inaugural y la presentaci\u00f3n<br \/>\nde todos los museos de la provincia. Tras las presentaciones, la licenciada Ana<br \/>\nEstela Rozzi, dicto un seminario en el cual se abordaron diferentes tem\u00e1ticas<br \/>\ninherentes a la organizaci\u00f3n de los museos y sus muestras:\u00a0\u00a0 \u00abPAUTAS PARA EL<br \/>\nMONTAJE DE LA EXPOSICION\u00bb, \u00bb EL MUSEO COMO MEDIO DE COMUNICACION\u00bb,\u00bb MATERIALES<br \/>\nPARA EL MONTAJE DE UNA EXPOSICION\u00bb. <a href=\"http:\/\/enteculturalsantafesino.com.ar\/noticias\/wp-content\/uploads\/2011\/08\/CATY-MUSEOS-ENCUENTRO.jpg\" rel=\"lightbox[362]\"><img class=\"alignright size-medium wp-image-363\" title=\"<KENOX S760  \/ Samsung S760>\u00bb src=\u00bbhttp:\/\/enteculturalsantafesino.com.ar\/noticias\/wp-content\/uploads\/2011\/08\/CATY-MUSEOS-ENCUENTRO-300&#215;225.jpg\u00bb alt=\u00bb\u00bb width=\u00bb300&#8243; height=\u00bb225&#8243; \/><\/a><br \/>\nMas tarde, continuando con las exposiciones,\u00a0 fue el turno del<br \/>\nDr. Esteban Mario De Lorenzi quien brindo una conferencia sobre \u00bb LA LEY 12.955<br \/>\nDE MUSEOS DE LA PROVINCIA DE SANTA FE\u00bb, ya\u00a0 para concluir la jornada todos los<br \/>\nconcurrentes realizamos una visita al MUSEO MUNICIPAL DE ARTES VISUALES ORLANDO<br \/>\nRUFFINENGO \u00ab.<br \/>\n\u00abEl d\u00eda domingo se continuo con el encuentro y en esta<br \/>\noportunidad,\u00a0 se hizo un an\u00e1lisis y evaluaci\u00f3n del desempe\u00f1o y proyecci\u00f3n de la<br \/>\nAsociaci\u00f3n Provincial de Museos\u00a0 y sus sedes Regionales, realizando algunos<br \/>\ntrabajos en comisiones, tras esta actividad devino el cierre de las actividades<br \/>\ncon el\u00a0 Acto de clausura y la entrega de certificados a todos los asistentes.\u00bb<\/p>\n","protected":false},"excerpt":{"rendered":"<p>El pasado fin de semana tuvo lugar en la localidad de G\u00e1lvez un encuentro de las distintas [&hellip;]<\/p>\n","protected":false},"author":3,"featured_media":0,"comment_status":"open","ping_status":"open","sticky":false,"template":"","format":"standard","meta":{"_jetpack_memberships_contains_paid_content":false,"footnotes":"","jetpack_publicize_message":"","jetpack_publicize_feature_enabled":true,"jetpack_social_post_already_shared":false,"jetpack_social_options":{"image_generator_settings":{"template":"highway","enabled":false}}},"categories":[15,3,23],"tags":[],"jetpack_publicize_connections":[],"jetpack_sharing_enabled":true,"jetpack_featured_media_url":"","_links":{"self":[{"href":"http:\/\/enteculturalsantafesino.com.ar\/usina1\/wp-json\/wp\/v2\/posts\/362"}],"collection":[{"href":"http:\/\/enteculturalsantafesino.com.ar\/usina1\/wp-json\/wp\/v2\/posts"}],"about":[{"href":"http:\/\/enteculturalsantafesino.com.ar\/usina1\/wp-json\/wp\/v2\/types\/post"}],"author":[{"embeddable":true,"href":"http:\/\/enteculturalsantafesino.com.ar\/usina1\/wp-json\/wp\/v2\/users\/3"}],"replies":[{"embeddable":true,"href":"http:\/\/enteculturalsantafesino.com.ar\/usina1\/wp-json\/wp\/v2\/comments?post=362"}],"version-history":[{"count":0,"href":"http:\/\/enteculturalsantafesino.com.ar\/usina1\/wp-json\/wp\/v2\/posts\/362\/revisions"}],"wp:attachment":[{"href":"http:\/\/enteculturalsantafesino.com.ar\/usina1\/wp-json\/wp\/v2\/media?parent=362"}],"wp:term":[{"taxonomy":"category","embeddable":true,"href":"http:\/\/enteculturalsantafesino.com.ar\/usina1\/wp-json\/wp\/v2\/categories?post=362"},{"taxonomy":"post_tag","embeddable":true,"href":"http:\/\/enteculturalsantafesino.com.ar\/usina1\/wp-json\/wp\/v2\/tags?post=362"}],"curies":[{"name":"wp","href":"https:\/\/api.w.org\/{rel}","templated":true}]}}