{"id":3622,"date":"2012-06-11T03:30:23","date_gmt":"2012-06-11T03:30:23","guid":{"rendered":"http:\/\/entecultura.com.ar\/noticias\/?p=3622"},"modified":"2012-06-11T03:30:23","modified_gmt":"2012-06-11T03:30:23","slug":"canada-de-gomez-muestra-intinerante-sobre-la-bandera","status":"publish","type":"post","link":"http:\/\/enteculturalsantafesino.com.ar\/usina1\/2012\/06\/canada-de-gomez-muestra-intinerante-sobre-la-bandera\/","title":{"rendered":"CA\u00d1ADA DE G\u00d3MEZ: MUESTRA INTINERANTE SOBRE LA BANDERA"},"content":{"rendered":"<table width=\"475\" border=\"0\" bgcolor=\"#ffffff\">\n<tbody>\n<tr>\n<td align=\"left\"><strong>Comenz\u00f3 este domingo<a href=\"http:\/\/enteculturalsantafesino.com.ar\/noticias\/wp-content\/uploads\/2012\/06\/muestras-banderas.png\" rel=\"lightbox[3622]\"><img loading=\"lazy\" decoding=\"async\" class=\"alignright size-medium wp-image-3623\" title=\"muestras banderas\" src=\"http:\/\/enteculturalsantafesino.com.ar\/noticias\/wp-content\/uploads\/2012\/06\/muestras-banderas-300x164.png\" alt=\"\" width=\"300\" height=\"164\" srcset=\"http:\/\/enteculturalsantafesino.com.ar\/usina1\/wp-content\/uploads\/2012\/06\/muestras-banderas-300x164.png 300w, http:\/\/enteculturalsantafesino.com.ar\/usina1\/wp-content\/uploads\/2012\/06\/muestras-banderas.png 464w\" sizes=\"(max-width: 300px) 100vw, 300px\" \/><\/a><\/strong><\/p>\n<p><strong>\u00a0en Casa del Bicentenario, <\/strong><\/p>\n<p><strong>con m\u00e1s de sesenta trabajos <\/strong><\/p>\n<p><strong>sobre la bandera nacional, a doscientos a\u00f1os de su creaci\u00f3n. En la oportunidad actu\u00f3 el tenor Dar\u00edo Di Tomasso.<\/strong><\/td>\n<\/tr>\n<tr>\n<td id=\"cuerpo\" align=\"left\">\u00a0\u00a0\u00a0\u00a0\u00a0\u00a0\u00a0\u00a0\u00a0\u00a0\u00a0 La muestra, originaria de Curuz\u00fa Cuati\u00e1, consta de 64 trabajos realizados por artistas profesionales de 14 provincias argentinas. La ciudad correntina ostenta en su patrimonio hist\u00f3rico no solo el hecho de haber sido fundada por el general Belgrano, sino que adem\u00e1s guarda el pa\u00f1o que fuera creado por \u00e9l mismo all\u00ed, pero con otros colores fundamentales; amarillo, rojo y azul, dise\u00f1o que se expone como logotipo en esta muestra itinerante. Fotos: Dami\u00e1n Garnero \/ Otrod\u00eda.com<\/td>\n<\/tr>\n<\/tbody>\n<\/table>\n","protected":false},"excerpt":{"rendered":"<p>Comenz\u00f3 este domingo \u00a0en Casa del Bicentenario, con m\u00e1s de sesenta trabajos sobre la bandera nacional, a [&hellip;]<\/p>\n","protected":false},"author":3,"featured_media":0,"comment_status":"open","ping_status":"open","sticky":false,"template":"","format":"standard","meta":{"_jetpack_memberships_contains_paid_content":false,"footnotes":"","jetpack_publicize_message":"","jetpack_publicize_feature_enabled":true,"jetpack_social_post_already_shared":false,"jetpack_social_options":{"image_generator_settings":{"template":"highway","enabled":false}}},"categories":[11,4],"tags":[],"jetpack_publicize_connections":[],"jetpack_sharing_enabled":true,"jetpack_featured_media_url":"","_links":{"self":[{"href":"http:\/\/enteculturalsantafesino.com.ar\/usina1\/wp-json\/wp\/v2\/posts\/3622"}],"collection":[{"href":"http:\/\/enteculturalsantafesino.com.ar\/usina1\/wp-json\/wp\/v2\/posts"}],"about":[{"href":"http:\/\/enteculturalsantafesino.com.ar\/usina1\/wp-json\/wp\/v2\/types\/post"}],"author":[{"embeddable":true,"href":"http:\/\/enteculturalsantafesino.com.ar\/usina1\/wp-json\/wp\/v2\/users\/3"}],"replies":[{"embeddable":true,"href":"http:\/\/enteculturalsantafesino.com.ar\/usina1\/wp-json\/wp\/v2\/comments?post=3622"}],"version-history":[{"count":0,"href":"http:\/\/enteculturalsantafesino.com.ar\/usina1\/wp-json\/wp\/v2\/posts\/3622\/revisions"}],"wp:attachment":[{"href":"http:\/\/enteculturalsantafesino.com.ar\/usina1\/wp-json\/wp\/v2\/media?parent=3622"}],"wp:term":[{"taxonomy":"category","embeddable":true,"href":"http:\/\/enteculturalsantafesino.com.ar\/usina1\/wp-json\/wp\/v2\/categories?post=3622"},{"taxonomy":"post_tag","embeddable":true,"href":"http:\/\/enteculturalsantafesino.com.ar\/usina1\/wp-json\/wp\/v2\/tags?post=3622"}],"curies":[{"name":"wp","href":"https:\/\/api.w.org\/{rel}","templated":true}]}}