{"id":3634,"date":"2012-06-11T13:05:21","date_gmt":"2012-06-11T13:05:21","guid":{"rendered":"http:\/\/entecultura.com.ar\/noticias\/?p=3634"},"modified":"2012-06-11T13:05:21","modified_gmt":"2012-06-11T13:05:21","slug":"maria-susana-salutacion-al-grupo-anoranzas","status":"publish","type":"post","link":"http:\/\/enteculturalsantafesino.com.ar\/usina1\/2012\/06\/maria-susana-salutacion-al-grupo-anoranzas\/","title":{"rendered":"MAR\u00cdA SUSANA: SALUTACI\u00d3N AL GRUPO A\u00d1ORANZAS"},"content":{"rendered":"<p>Queridos amigos, creo que corresponde que me tome dos minutos para<a href=\"http:\/\/enteculturalsantafesino.com.ar\/noticias\/wp-content\/uploads\/2012\/06\/A\u00d1ORANZAS.png\" rel=\"lightbox[3634]\"><img loading=\"lazy\" decoding=\"async\" class=\"alignright size-medium wp-image-3635\" title=\"A\u00d1ORANZAS\" src=\"http:\/\/enteculturalsantafesino.com.ar\/noticias\/wp-content\/uploads\/2012\/06\/A\u00d1ORANZAS-300x225.png\" alt=\"\" width=\"300\" height=\"225\" srcset=\"http:\/\/enteculturalsantafesino.com.ar\/usina1\/wp-content\/uploads\/2012\/06\/A\u00d1ORANZAS-300x225.png 300w, http:\/\/enteculturalsantafesino.com.ar\/usina1\/wp-content\/uploads\/2012\/06\/A\u00d1ORANZAS.png 960w\" sizes=\"(max-width: 300px) 100vw, 300px\" \/><\/a><\/p>\n<p>expresarles algunas palabritas que considero necesarias: estoy totalmente ORGULLOSO de su participaci\u00f3n el en Encuentro Regional Infantil de Rio Cuarto al que participaran el pasado S\u00e1bado, me saco el sombrero ante un grupo de ARTISTAS que dej\u00f3 todo en el escenario, me saco el sombrero ante su Profesora Silvina y sus constantes colaboradores Roberto y Gonzalo que forman un equipo de trabajo bien destacado y me saco el sombrero, bien a lo grande, ante los padres que ya tienen sumamente entendido que el aporte que est\u00e1n realizando para la crianza y cultura de sus hijos es INCALCULABLE, nunca dejen de hacer algo por sus hijos que seguramente ahora parece pasar desapercibido pero cuando crezcan se los van a agradecer. Que todo Mar\u00eda Susana sepa que representaron a nuestro pueblo como corresponde, tuvieron un comportamiento ejemplar, y entre todos, y ac\u00e1 me voy a incluir, formamos un viaje que quedar\u00e1 para siempre en el recuerdo de esta Escuela de Danza que ya poco le queda de escuela, por que aspira a formarse como un gran ballet. Fue sumamente importante haber compartido esta experiencia con ustedes\u00a0 porque creo que quienes tenemos la responsabilidad de \u201cadministrar\u201d la cultura, como para decirlo de alg\u00fan modo, no lo podemos hacer sentados detr\u00e1s de un escritorio sin antes vivir y formar parte de todo lo que re\u00fane esa gran palabra, estar ah\u00ed sentir el nerviosismo de los chicos la ansiedad y ver su esplendor sobre el escenario\u2026 Son un gran grupo humano que le est\u00e1 dando un gran a porte a la Cultura de nuestro Pueblo. Solamente me queda destacar algo que se ve a simple vista que repito a menudo\u00a0 siempre que corresponda: \u201clas cosas que se hacen con el coraz\u00f3n no fallan\u201d. \u00a1\u00a1Viva nuestras tradiciones!!! <em><strong>Leo Carrozza- Secretario de Cultura<\/strong><\/em><\/p>\n","protected":false},"excerpt":{"rendered":"<p>Queridos amigos, creo que corresponde que me tome dos minutos para expresarles algunas palabritas que considero necesarias: [&hellip;]<\/p>\n","protected":false},"author":3,"featured_media":0,"comment_status":"open","ping_status":"open","sticky":false,"template":"","format":"standard","meta":{"_jetpack_memberships_contains_paid_content":false,"footnotes":"","jetpack_publicize_message":"","jetpack_publicize_feature_enabled":true,"jetpack_social_post_already_shared":false,"jetpack_social_options":{"image_generator_settings":{"template":"highway","enabled":false}}},"categories":[1],"tags":[],"jetpack_publicize_connections":[],"jetpack_sharing_enabled":true,"jetpack_featured_media_url":"","_links":{"self":[{"href":"http:\/\/enteculturalsantafesino.com.ar\/usina1\/wp-json\/wp\/v2\/posts\/3634"}],"collection":[{"href":"http:\/\/enteculturalsantafesino.com.ar\/usina1\/wp-json\/wp\/v2\/posts"}],"about":[{"href":"http:\/\/enteculturalsantafesino.com.ar\/usina1\/wp-json\/wp\/v2\/types\/post"}],"author":[{"embeddable":true,"href":"http:\/\/enteculturalsantafesino.com.ar\/usina1\/wp-json\/wp\/v2\/users\/3"}],"replies":[{"embeddable":true,"href":"http:\/\/enteculturalsantafesino.com.ar\/usina1\/wp-json\/wp\/v2\/comments?post=3634"}],"version-history":[{"count":0,"href":"http:\/\/enteculturalsantafesino.com.ar\/usina1\/wp-json\/wp\/v2\/posts\/3634\/revisions"}],"wp:attachment":[{"href":"http:\/\/enteculturalsantafesino.com.ar\/usina1\/wp-json\/wp\/v2\/media?parent=3634"}],"wp:term":[{"taxonomy":"category","embeddable":true,"href":"http:\/\/enteculturalsantafesino.com.ar\/usina1\/wp-json\/wp\/v2\/categories?post=3634"},{"taxonomy":"post_tag","embeddable":true,"href":"http:\/\/enteculturalsantafesino.com.ar\/usina1\/wp-json\/wp\/v2\/tags?post=3634"}],"curies":[{"name":"wp","href":"https:\/\/api.w.org\/{rel}","templated":true}]}}