{"id":3644,"date":"2012-06-11T15:31:34","date_gmt":"2012-06-11T15:31:34","guid":{"rendered":"http:\/\/entecultura.com.ar\/noticias\/?p=3644"},"modified":"2012-06-11T15:31:34","modified_gmt":"2012-06-11T15:31:34","slug":"san-vicente-exitosa-presentacion-de-el-partener","status":"publish","type":"post","link":"http:\/\/enteculturalsantafesino.com.ar\/usina1\/2012\/06\/san-vicente-exitosa-presentacion-de-el-partener\/","title":{"rendered":"SAN VICENTE: EXITOSA PRESENTACI\u00d3N DE \u00abEL PARTENER\u00bb"},"content":{"rendered":"<p>Una gran respuesta tuvo la presentaci\u00f3n de \u00abEl Partener\u00bb en la localidad de<a href=\"http:\/\/enteculturalsantafesino.com.ar\/noticias\/wp-content\/uploads\/2012\/06\/partener.jpg\" rel=\"lightbox[3644]\"><img loading=\"lazy\" decoding=\"async\" class=\"alignright size-medium wp-image-3645\" title=\"partener\" src=\"http:\/\/enteculturalsantafesino.com.ar\/noticias\/wp-content\/uploads\/2012\/06\/partener-300x225.jpg\" alt=\"\" width=\"300\" height=\"225\" srcset=\"http:\/\/enteculturalsantafesino.com.ar\/usina1\/wp-content\/uploads\/2012\/06\/partener-300x225.jpg 300w, http:\/\/enteculturalsantafesino.com.ar\/usina1\/wp-content\/uploads\/2012\/06\/partener.jpg 640w\" sizes=\"(max-width: 300px) 100vw, 300px\" \/><\/a><\/p>\n<p>San Vicente, durante las funciones del 9 y 10 de junio en el Sal\u00f3n Cultural Pt. Sarmiento. Esta producci\u00f3n del Teatro Nacional Cervantes que se estren\u00f3 en el Teatro Gregorio de Laferr\u00e8re de Mor\u00f3n en septiembre del a\u00f1o pasado.<\/p>\n<p>Desde mediados de marzo, El partener de Mauricio Kartun, que dirige Manuel Vicente, est\u00e1 realizando su segunda gira nacional en el marco del Plan Nacional de Giras del Teatro Cervantes. A las dieciocho funciones del a\u00f1o 2011 en localidades de todo el pa\u00eds, sumar\u00e1 otras tantas durante esta temporada 2012 antes de su estreno en la Sala Orestes Caviglia del Teatro Nacional Cervantes el pr\u00f3ximo mes de julio. <strong><em>foto: Radio San Vicente<\/em><\/strong><\/p>\n","protected":false},"excerpt":{"rendered":"<p>Una gran respuesta tuvo la presentaci\u00f3n de \u00abEl Partener\u00bb en la localidad de San Vicente, durante las [&hellip;]<\/p>\n","protected":false},"author":3,"featured_media":0,"comment_status":"open","ping_status":"open","sticky":false,"template":"","format":"standard","meta":{"_jetpack_memberships_contains_paid_content":false,"footnotes":"","jetpack_publicize_message":"","jetpack_publicize_feature_enabled":true,"jetpack_social_post_already_shared":false,"jetpack_social_options":{"image_generator_settings":{"template":"highway","enabled":false}}},"categories":[1],"tags":[],"jetpack_publicize_connections":[],"jetpack_sharing_enabled":true,"jetpack_featured_media_url":"","_links":{"self":[{"href":"http:\/\/enteculturalsantafesino.com.ar\/usina1\/wp-json\/wp\/v2\/posts\/3644"}],"collection":[{"href":"http:\/\/enteculturalsantafesino.com.ar\/usina1\/wp-json\/wp\/v2\/posts"}],"about":[{"href":"http:\/\/enteculturalsantafesino.com.ar\/usina1\/wp-json\/wp\/v2\/types\/post"}],"author":[{"embeddable":true,"href":"http:\/\/enteculturalsantafesino.com.ar\/usina1\/wp-json\/wp\/v2\/users\/3"}],"replies":[{"embeddable":true,"href":"http:\/\/enteculturalsantafesino.com.ar\/usina1\/wp-json\/wp\/v2\/comments?post=3644"}],"version-history":[{"count":0,"href":"http:\/\/enteculturalsantafesino.com.ar\/usina1\/wp-json\/wp\/v2\/posts\/3644\/revisions"}],"wp:attachment":[{"href":"http:\/\/enteculturalsantafesino.com.ar\/usina1\/wp-json\/wp\/v2\/media?parent=3644"}],"wp:term":[{"taxonomy":"category","embeddable":true,"href":"http:\/\/enteculturalsantafesino.com.ar\/usina1\/wp-json\/wp\/v2\/categories?post=3644"},{"taxonomy":"post_tag","embeddable":true,"href":"http:\/\/enteculturalsantafesino.com.ar\/usina1\/wp-json\/wp\/v2\/tags?post=3644"}],"curies":[{"name":"wp","href":"https:\/\/api.w.org\/{rel}","templated":true}]}}