{"id":3654,"date":"2012-06-12T12:58:48","date_gmt":"2012-06-12T12:58:48","guid":{"rendered":"http:\/\/entecultura.com.ar\/noticias\/?p=3654"},"modified":"2012-06-12T12:58:48","modified_gmt":"2012-06-12T12:58:48","slug":"6o-encuentro-nacional-de-artesanos-en-canada-de-gomez","status":"publish","type":"post","link":"http:\/\/enteculturalsantafesino.com.ar\/usina1\/2012\/06\/6o-encuentro-nacional-de-artesanos-en-canada-de-gomez\/","title":{"rendered":"6\u00ba ENCUENTRO NACIONAL DE ARTESANOS EN CA\u00d1ADA DE G\u00d3MEZ"},"content":{"rendered":"<p>La Municipalidad y la\u00a0 Agrupaci\u00f3n de Artesanos de Ca\u00f1ada de G\u00f3mez invitan a la<a href=\"http:\/\/enteculturalsantafesino.com.ar\/noticias\/wp-content\/uploads\/2012\/06\/ARTESANOS-CA\u00d1ADA.png\" rel=\"lightbox[3654]\"><img loading=\"lazy\" decoding=\"async\" class=\"alignright size-medium wp-image-3655\" title=\"ARTESANOS CA\u00d1ADA\" src=\"http:\/\/enteculturalsantafesino.com.ar\/noticias\/wp-content\/uploads\/2012\/06\/ARTESANOS-CA\u00d1ADA-212x300.png\" alt=\"\" width=\"212\" height=\"300\" srcset=\"http:\/\/enteculturalsantafesino.com.ar\/usina1\/wp-content\/uploads\/2012\/06\/ARTESANOS-CA\u00d1ADA-212x300.png 212w, http:\/\/enteculturalsantafesino.com.ar\/usina1\/wp-content\/uploads\/2012\/06\/ARTESANOS-CA\u00d1ADA.png 367w\" sizes=\"(max-width: 212px) 100vw, 212px\" \/><\/a><\/p>\n<p>comunidad de la ciudad y la regi\u00f3n al 6\u00ba Encuentro Nacional de Artesanos que se realizar\u00e1 desde el viernes 15 hasta el domingo 17de junio, desde las 14 horas, en Plaza San Mart\u00edn. Participan m\u00e1s de 50 artesanos de todo el pa\u00eds y habr\u00e1 artistas callejeros.<\/p>\n","protected":false},"excerpt":{"rendered":"<p>La Municipalidad y la\u00a0 Agrupaci\u00f3n de Artesanos de Ca\u00f1ada de G\u00f3mez invitan a la comunidad de la [&hellip;]<\/p>\n","protected":false},"author":3,"featured_media":0,"comment_status":"open","ping_status":"open","sticky":false,"template":"","format":"standard","meta":{"_jetpack_memberships_contains_paid_content":false,"footnotes":"","jetpack_publicize_message":"","jetpack_publicize_feature_enabled":true,"jetpack_social_post_already_shared":false,"jetpack_social_options":{"image_generator_settings":{"template":"highway","enabled":false}}},"categories":[11,4],"tags":[],"jetpack_publicize_connections":[],"jetpack_sharing_enabled":true,"jetpack_featured_media_url":"","_links":{"self":[{"href":"http:\/\/enteculturalsantafesino.com.ar\/usina1\/wp-json\/wp\/v2\/posts\/3654"}],"collection":[{"href":"http:\/\/enteculturalsantafesino.com.ar\/usina1\/wp-json\/wp\/v2\/posts"}],"about":[{"href":"http:\/\/enteculturalsantafesino.com.ar\/usina1\/wp-json\/wp\/v2\/types\/post"}],"author":[{"embeddable":true,"href":"http:\/\/enteculturalsantafesino.com.ar\/usina1\/wp-json\/wp\/v2\/users\/3"}],"replies":[{"embeddable":true,"href":"http:\/\/enteculturalsantafesino.com.ar\/usina1\/wp-json\/wp\/v2\/comments?post=3654"}],"version-history":[{"count":0,"href":"http:\/\/enteculturalsantafesino.com.ar\/usina1\/wp-json\/wp\/v2\/posts\/3654\/revisions"}],"wp:attachment":[{"href":"http:\/\/enteculturalsantafesino.com.ar\/usina1\/wp-json\/wp\/v2\/media?parent=3654"}],"wp:term":[{"taxonomy":"category","embeddable":true,"href":"http:\/\/enteculturalsantafesino.com.ar\/usina1\/wp-json\/wp\/v2\/categories?post=3654"},{"taxonomy":"post_tag","embeddable":true,"href":"http:\/\/enteculturalsantafesino.com.ar\/usina1\/wp-json\/wp\/v2\/tags?post=3654"}],"curies":[{"name":"wp","href":"https:\/\/api.w.org\/{rel}","templated":true}]}}