{"id":3658,"date":"2012-06-12T13:03:36","date_gmt":"2012-06-12T13:03:36","guid":{"rendered":"http:\/\/entecultura.com.ar\/noticias\/?p=3658"},"modified":"2012-06-12T13:03:36","modified_gmt":"2012-06-12T13:03:36","slug":"colonia-margarita-bajo-la-magia-de-la-danza","status":"publish","type":"post","link":"http:\/\/enteculturalsantafesino.com.ar\/usina1\/2012\/06\/colonia-margarita-bajo-la-magia-de-la-danza\/","title":{"rendered":"COLONIA MARGARITA: BAJO LA MAGIA DE LA DANZA"},"content":{"rendered":"<p>(Por Sof\u00eda Beltramo) El pasado Domingo, tuvo desarrollo en la localidad de <a href=\"http:\/\/enteculturalsantafesino.com.ar\/noticias\/wp-content\/uploads\/2012\/06\/LIHUEN-11.jpg\" rel=\"lightbox[3658]\"><img loading=\"lazy\" decoding=\"async\" class=\"alignright size-medium wp-image-3659\" title=\"LIHUEN 11\" src=\"http:\/\/enteculturalsantafesino.com.ar\/noticias\/wp-content\/uploads\/2012\/06\/LIHUEN-11-300x300.jpg\" alt=\"\" width=\"300\" height=\"300\" srcset=\"http:\/\/enteculturalsantafesino.com.ar\/usina1\/wp-content\/uploads\/2012\/06\/LIHUEN-11-300x300.jpg 300w, http:\/\/enteculturalsantafesino.com.ar\/usina1\/wp-content\/uploads\/2012\/06\/LIHUEN-11-150x150.jpg 150w, http:\/\/enteculturalsantafesino.com.ar\/usina1\/wp-content\/uploads\/2012\/06\/LIHUEN-11.jpg 403w\" sizes=\"(max-width: 300px) 100vw, 300px\" \/><\/a><\/p>\n<p>Colonia Margarita el Tercer Encuentro de Danzas, organizado por el ballet \u201cLihuen\u201d de esa comunidad.<\/p>\n<p>La convocatoria fue el centro de encuentro de los ballets de la regi\u00f3n, participaron en el mismo <em><strong>\u201cRa\u00edces de mi tierra\u201d de Mar\u00eda Juana, \u201cLiceo Municipal\u201d de Sastre,<\/strong><\/em> \u201cSachayoj\u201d de Ang\u00e9lica, \u201cEl Amanecer\u201d de Ca\u00f1ada Rosqu\u00edn\u00a0 y los <strong><em>representantes de San Vicente \u201cCurupaity\u201d, \u201cEl Lucero\u201d y \u201cSue\u00f1o de estrellas\u201d.<\/em><\/strong><\/p>\n<p>En el marco de la celebraci\u00f3n de su 8vo. Aniversario, Lihuen cont\u00f3 con la presencia de autoridades, padres, bailarines, profesores que engalanaron la tarde de esta peque\u00f1a comunidad. Los conceptos de quienes tuvieron a cargo la organizaci\u00f3n del evento son sumamente importantes. El p\u00fablico fue numeroso, asistieron al encuentro no menos de 400 personas y todo se llev\u00f3 a cabo con total \u00e9xito.<\/p>\n<p>El Ballet Lihuen, desea agradecer por este medio\u00a0 la satisfacci\u00f3n recibida, la colaboraci\u00f3n del Presidente Comunal de Colonia Margarita Diego Alanda, y de todos aquellos padres, alumnos e instituciones que hicieron posible la concreci\u00f3n del festival. <em><strong>fuente: Radio San Vicente<\/strong><\/em><\/p>\n","protected":false},"excerpt":{"rendered":"<p>(Por Sof\u00eda Beltramo) El pasado Domingo, tuvo desarrollo en la localidad de Colonia Margarita el Tercer Encuentro [&hellip;]<\/p>\n","protected":false},"author":3,"featured_media":0,"comment_status":"open","ping_status":"open","sticky":false,"template":"","format":"standard","meta":{"_jetpack_memberships_contains_paid_content":false,"footnotes":"","jetpack_publicize_message":"","jetpack_publicize_feature_enabled":true,"jetpack_social_post_already_shared":false,"jetpack_social_options":{"image_generator_settings":{"template":"highway","enabled":false}}},"categories":[4],"tags":[],"jetpack_publicize_connections":[],"jetpack_sharing_enabled":true,"jetpack_featured_media_url":"","_links":{"self":[{"href":"http:\/\/enteculturalsantafesino.com.ar\/usina1\/wp-json\/wp\/v2\/posts\/3658"}],"collection":[{"href":"http:\/\/enteculturalsantafesino.com.ar\/usina1\/wp-json\/wp\/v2\/posts"}],"about":[{"href":"http:\/\/enteculturalsantafesino.com.ar\/usina1\/wp-json\/wp\/v2\/types\/post"}],"author":[{"embeddable":true,"href":"http:\/\/enteculturalsantafesino.com.ar\/usina1\/wp-json\/wp\/v2\/users\/3"}],"replies":[{"embeddable":true,"href":"http:\/\/enteculturalsantafesino.com.ar\/usina1\/wp-json\/wp\/v2\/comments?post=3658"}],"version-history":[{"count":0,"href":"http:\/\/enteculturalsantafesino.com.ar\/usina1\/wp-json\/wp\/v2\/posts\/3658\/revisions"}],"wp:attachment":[{"href":"http:\/\/enteculturalsantafesino.com.ar\/usina1\/wp-json\/wp\/v2\/media?parent=3658"}],"wp:term":[{"taxonomy":"category","embeddable":true,"href":"http:\/\/enteculturalsantafesino.com.ar\/usina1\/wp-json\/wp\/v2\/categories?post=3658"},{"taxonomy":"post_tag","embeddable":true,"href":"http:\/\/enteculturalsantafesino.com.ar\/usina1\/wp-json\/wp\/v2\/tags?post=3658"}],"curies":[{"name":"wp","href":"https:\/\/api.w.org\/{rel}","templated":true}]}}