{"id":3661,"date":"2012-06-12T13:06:15","date_gmt":"2012-06-12T13:06:15","guid":{"rendered":"http:\/\/entecultura.com.ar\/noticias\/?p=3661"},"modified":"2012-06-12T13:06:15","modified_gmt":"2012-06-12T13:06:15","slug":"san-vicente-129o-de-los-sembrados","status":"publish","type":"post","link":"http:\/\/enteculturalsantafesino.com.ar\/usina1\/2012\/06\/san-vicente-129o-de-los-sembrados\/","title":{"rendered":"SAN VICENTE: 129\u00ba DE LOS SEMBRADOS"},"content":{"rendered":"<p>El pr\u00f3ximo domingo 01 de julio se llevar\u00e1 a cabo una gran Fiesta Campera y Fog\u00f3n <a href=\"http:\/\/enteculturalsantafesino.com.ar\/noticias\/wp-content\/uploads\/2012\/06\/SEMBRADOS.jpg\" rel=\"lightbox[3661]\"><img loading=\"lazy\" decoding=\"async\" class=\"alignright size-full wp-image-3662\" title=\"SEMBRADOS\" src=\"http:\/\/enteculturalsantafesino.com.ar\/noticias\/wp-content\/uploads\/2012\/06\/SEMBRADOS.jpg\" alt=\"\" width=\"234\" height=\"216\" \/><\/a><\/p>\n<p>Criollo en el Paraje Los Sembrados, para celebrar el 129\u00ba aniversario del lugar.<\/p>\n<p>El evento, que ser\u00e1 a total beneficio del espacio recreativo del paraje, dar\u00e1 comienzo a las 9.45 hs y se contar\u00e1 con la participaci\u00f3n de Centros Tradicionalistas y Agrupaciones Gauchas, habr\u00e1 destrezas criollas y paseo a caballo para ni\u00f1os, servicio completo de buffet y la especial actuaci\u00f3n del cantautor pampeano SAUL HUENCHUL (foto).<\/p>\n<p>Entrada general: $ 10. Organiza: Turismo Rural. Auspicia: <strong>Comuna de San Vicente<\/strong>. Invita: Ayres Hotel. Fuente: Radio San Vicente<\/p>\n","protected":false},"excerpt":{"rendered":"<p>El pr\u00f3ximo domingo 01 de julio se llevar\u00e1 a cabo una gran Fiesta Campera y Fog\u00f3n Criollo [&hellip;]<\/p>\n","protected":false},"author":3,"featured_media":0,"comment_status":"open","ping_status":"open","sticky":false,"template":"","format":"standard","meta":{"_jetpack_memberships_contains_paid_content":false,"footnotes":"","jetpack_publicize_message":"","jetpack_publicize_feature_enabled":true,"jetpack_social_post_already_shared":false,"jetpack_social_options":{"image_generator_settings":{"template":"highway","enabled":false}}},"categories":[1],"tags":[],"jetpack_publicize_connections":[],"jetpack_sharing_enabled":true,"jetpack_featured_media_url":"","_links":{"self":[{"href":"http:\/\/enteculturalsantafesino.com.ar\/usina1\/wp-json\/wp\/v2\/posts\/3661"}],"collection":[{"href":"http:\/\/enteculturalsantafesino.com.ar\/usina1\/wp-json\/wp\/v2\/posts"}],"about":[{"href":"http:\/\/enteculturalsantafesino.com.ar\/usina1\/wp-json\/wp\/v2\/types\/post"}],"author":[{"embeddable":true,"href":"http:\/\/enteculturalsantafesino.com.ar\/usina1\/wp-json\/wp\/v2\/users\/3"}],"replies":[{"embeddable":true,"href":"http:\/\/enteculturalsantafesino.com.ar\/usina1\/wp-json\/wp\/v2\/comments?post=3661"}],"version-history":[{"count":0,"href":"http:\/\/enteculturalsantafesino.com.ar\/usina1\/wp-json\/wp\/v2\/posts\/3661\/revisions"}],"wp:attachment":[{"href":"http:\/\/enteculturalsantafesino.com.ar\/usina1\/wp-json\/wp\/v2\/media?parent=3661"}],"wp:term":[{"taxonomy":"category","embeddable":true,"href":"http:\/\/enteculturalsantafesino.com.ar\/usina1\/wp-json\/wp\/v2\/categories?post=3661"},{"taxonomy":"post_tag","embeddable":true,"href":"http:\/\/enteculturalsantafesino.com.ar\/usina1\/wp-json\/wp\/v2\/tags?post=3661"}],"curies":[{"name":"wp","href":"https:\/\/api.w.org\/{rel}","templated":true}]}}