{"id":369,"date":"2011-08-11T00:20:34","date_gmt":"2011-08-11T00:20:34","guid":{"rendered":"http:\/\/entecultura.com.ar\/noticias\/?p=369"},"modified":"2011-08-11T00:20:34","modified_gmt":"2011-08-11T00:20:34","slug":"espectacular-fiesta-de-la-ciudad-en-el-trebol","status":"publish","type":"post","link":"http:\/\/enteculturalsantafesino.com.ar\/usina1\/2011\/08\/espectacular-fiesta-de-la-ciudad-en-el-trebol\/","title":{"rendered":"ESPECTACULAR FIESTA DE LA CIUDAD EN EL TR\u00c9BOL"},"content":{"rendered":"<p>Luego de la Procesi\u00f3n y Santa Misa con la participaci\u00f3n del Coro Polif\u00f3nico Municipal realizando la Misa Criolla, la gente pudo apreciar el espectacular show de Abel Pintos en el Sal\u00f3n de Club Atl\u00e9tico El Expreso.<\/p>\n<p>Por las inclemencias del tiempo, el espect\u00e1culo no pudo realizarse al aire libre en Plaza San Mart\u00edn y el lugar elegido, realmente estaba colmado de entusiastas fans,\u00a0 seguidores y familias.<\/p>\n<div id=\"attachment_22323\">\n<p>El sal\u00f3n estaba colmado de entusiastas fans, seguidores y familias.<a href=\"http:\/\/enteculturalsantafesino.com.ar\/noticias\/wp-content\/uploads\/2011\/08\/abel-pintos-en-el-trebol.jpg\" rel=\"lightbox[369]\"><img loading=\"lazy\" decoding=\"async\" class=\"alignright size-medium wp-image-370\" title=\"abel pintos en el trebol\" src=\"http:\/\/enteculturalsantafesino.com.ar\/noticias\/wp-content\/uploads\/2011\/08\/abel-pintos-en-el-trebol-300x225.jpg\" alt=\"\" width=\"300\" height=\"225\" srcset=\"http:\/\/enteculturalsantafesino.com.ar\/usina1\/wp-content\/uploads\/2011\/08\/abel-pintos-en-el-trebol-300x225.jpg 300w, http:\/\/enteculturalsantafesino.com.ar\/usina1\/wp-content\/uploads\/2011\/08\/abel-pintos-en-el-trebol-1024x768.jpg 1024w, http:\/\/enteculturalsantafesino.com.ar\/usina1\/wp-content\/uploads\/2011\/08\/abel-pintos-en-el-trebol.jpg 1200w\" sizes=\"(max-width: 300px) 100vw, 300px\" \/><\/a><\/p>\n<\/div>\n<p>El show tuvo excelente y cuidada amalgama que incluy\u00f3 un recorrido por los \u00e9xitos del joven cantante, mezclado con los temas de su \u00faltimo trabajo discogr\u00e1fico \u201cReevoluci\u00f3n\u201d.<\/p>\n<p>El entusiasmo del p\u00fablico, y el gran carisma de Abel Pintos, junto a un excelente sonido e iluminaci\u00f3n convirtieron al recital en una maravillosa experiencia para la gran cantidad de asistentes, que colmaron las instalaciones del sal\u00f3n.<\/p>\n<p>La conferencia de prensa fue brindada el d\u00eda martes por la noche para medios locales, mientras que a la salida del espect\u00e1culo central, muchas fans lo esperaron para saludarlo, aplaudirlo y fotografiarlo.Fuente: <em><strong>Como somos digital<\/strong><\/em><\/p>\n","protected":false},"excerpt":{"rendered":"<p>Luego de la Procesi\u00f3n y Santa Misa con la participaci\u00f3n del Coro Polif\u00f3nico Municipal realizando la Misa [&hellip;]<\/p>\n","protected":false},"author":3,"featured_media":0,"comment_status":"open","ping_status":"open","sticky":false,"template":"","format":"standard","meta":{"_jetpack_memberships_contains_paid_content":false,"footnotes":"","jetpack_publicize_message":"","jetpack_publicize_feature_enabled":true,"jetpack_social_post_already_shared":false,"jetpack_social_options":{"image_generator_settings":{"template":"highway","enabled":false}}},"categories":[15,18,4,6],"tags":[],"jetpack_publicize_connections":[],"jetpack_sharing_enabled":true,"jetpack_featured_media_url":"","_links":{"self":[{"href":"http:\/\/enteculturalsantafesino.com.ar\/usina1\/wp-json\/wp\/v2\/posts\/369"}],"collection":[{"href":"http:\/\/enteculturalsantafesino.com.ar\/usina1\/wp-json\/wp\/v2\/posts"}],"about":[{"href":"http:\/\/enteculturalsantafesino.com.ar\/usina1\/wp-json\/wp\/v2\/types\/post"}],"author":[{"embeddable":true,"href":"http:\/\/enteculturalsantafesino.com.ar\/usina1\/wp-json\/wp\/v2\/users\/3"}],"replies":[{"embeddable":true,"href":"http:\/\/enteculturalsantafesino.com.ar\/usina1\/wp-json\/wp\/v2\/comments?post=369"}],"version-history":[{"count":0,"href":"http:\/\/enteculturalsantafesino.com.ar\/usina1\/wp-json\/wp\/v2\/posts\/369\/revisions"}],"wp:attachment":[{"href":"http:\/\/enteculturalsantafesino.com.ar\/usina1\/wp-json\/wp\/v2\/media?parent=369"}],"wp:term":[{"taxonomy":"category","embeddable":true,"href":"http:\/\/enteculturalsantafesino.com.ar\/usina1\/wp-json\/wp\/v2\/categories?post=369"},{"taxonomy":"post_tag","embeddable":true,"href":"http:\/\/enteculturalsantafesino.com.ar\/usina1\/wp-json\/wp\/v2\/tags?post=369"}],"curies":[{"name":"wp","href":"https:\/\/api.w.org\/{rel}","templated":true}]}}